{"id":358,"date":"2018-02-25T15:59:45","date_gmt":"2018-02-25T14:59:45","guid":{"rendered":"https:\/\/bernauers.de\/historisches\/?p=358"},"modified":"2018-02-25T18:17:00","modified_gmt":"2018-02-25T17:17:00","slug":"die-buergerinitiative-gegenwind","status":"publish","type":"post","link":"https:\/\/bernauers.de\/historisches\/2018\/02\/25\/die-buergerinitiative-gegenwind\/","title":{"rendered":"Die B\u00fcrgerinitiative Gegenwind"},"content":{"rendered":"<p>Da ich B\u00fcrgerinitiativen grunds\u00e4tzlich f\u00fcr einen Ausdruck von Demokratie halte, habe ich auch die B\u00fcrgerinitiative Gegenwind schon 2 mal besucht. Erstmals noch 2017 in Altenbach im Sonus und gerade noch einmal am 22.02.2018 im neuen Ludwigstal.<\/p>\n<p>Hier treffen sich B\u00fcrger mit einem \u00fcberdurchschnittlich hohen Sachverstand bei Fragen der Energiewende, die uns ja alle betrifft. Wie alle B\u00fcrgerinitiativen, hat auch diese Schwierigkeiten damit ihr Wissen in die breite Masse der Bev\u00f6lkerung zu tragen. Vorurteile werden gesch\u00fcrt und verhindern eine offene und unvoreingenommene Diskussion des wichtigen Themas. Selbstverst\u00e4ndlich habe ich auch dort b\u00fcrgergemeinschaften.de vorgestellt. Es wird sich zeigen, ob der Verein dieses &#8222;demokratische Werkzeug&#8220; mit Erfolg nutzen wird.<\/p>\n<p>Jedenfalls ist mir bei der Besch\u00e4ftigung mit diesem Thema und mit der Gegenwind- Initiative auch deren Homepage aufgefallen. Und da ich nunmal gerne konstruktive Vorschl\u00e4ge mache, habe ich am 25.02.2018 dem Vorsitzenden folgende Email geschrieben:<\/p>\n<p>Aktuell sieht jeder Besucher von http:\/\/www.gegenwind-schriesheim.de\/ zun\u00e4chst dieses Statement:<\/p>\n<p>AUCH WIR WOLLEN\u00a0<span style=\"color: #ff0000;\">KEINE KERNKRAFTWERKE<\/span>, ABER EINEN <span style=\"color: #ff0000;\">SINNVOLLEREN UMGANG MIT DER WINDKRAFT<\/span> UND\u00a0<span style=\"color: #ff0000;\">KEINE GESUNDHEITLICHEN RISIKEN DURCH INFRA-SCHALL<\/span>\u00a0usw.\u00a0 \u00a0 \u00a0 \u00a0 \u00a0 \u00a0F\u00dcR DIE\u00a0BEV\u00d6LKERUNG IN DEN BETROFFENEN REGIONEN!<\/p>\n<p><span style=\"color: #ff0000;\">DIES ABER UNTER\u00a0BER\u00dcCKSICHTIGUNG\u00a0DER ERFORDERLICHEN GRUNDLASTSICHERUNG!<\/span><\/p>\n<p>Hierzu 3 Anmerkungen und mein hoffentlich auch in Ihren Augen konstruktiver Vorschlag:<\/p>\n<ol>\n<li>Keine Kernkraftwerke zu wollen scheint mir nur deshalb dort zu stehen, um keine Besucher der Homepage mit einem Hinweis auf die Kernkraft- Diskussion abzuschrecken. Aber wozu diese Technologie dann \u00fcberhaupt an dieser Stelle erw\u00e4hnen, es ist doch nicht das zentrale Thema der B\u00fcrgerinitiative, oder?<\/li>\n<li>Infra- Schall ist ein Fachbegriff, der nicht jedem Besucher gel\u00e4ufig sein d\u00fcrfte, und es ist auch nur ein Beispiel f\u00fcr die vielen Argumente die bei Ihnen diskutiert werden.<\/li>\n<li>F\u00fcr die \u201eGrundlastsicherung\u201c gilt das in \u00e4hnlicher Weise.<\/li>\n<\/ol>\n<p>Mein Vorschlag w\u00e4re die Kernpunkte deutlicher in den Mittelpunkt zu stellen z.B. so:<\/p>\n<p>Auch wir sind f\u00fcr eine sinnvolle und durchdachte Energiewende.<br \/>\nLeider kommt in der aktuellen Politik (auch in Schriesheim) das Nachdenken und die Demokratie zu kurz.<br \/>\nWir setzen uns f\u00fcr die korrekte Information der B\u00fcrger ein, denn nur so k\u00f6nnen Demokratie und die Energiewende funktionieren.<\/p>\n<p>Oder auch so (mit st\u00e4rkerer Ber\u00fccksichtigung der Ziele des Vereins ):<\/p>\n<p>Auch wir sind f\u00fcr eine sinnvolle und durchdachte Energiewende, jedoch nicht auf Kosten von Wald- und Naturschutz vor Ort.<br \/>\nLeider kommt in der aktuellen Politik (auch in Schriesheim) das Nachdenken und die Demokratie oft zu kurz.<br \/>\nWir setzen uns f\u00fcr die korrekte Information der B\u00fcrger ein, denn nur so kann Demokratie funktionieren, ohne unsere Lebensgrundlagen zu sch\u00e4digen.<br \/>\nKurzsichtige Entscheidungen mit all ihren Folgeproblemen, die gern unter den Teppich gekehrt werden, d\u00fcrfen nicht die Grundlage unserer Politik sein.<\/p>\n<details>\n<summary>Mit einem Klick HIER k\u00f6nnen Sie sich ein paar Folgen der deutschen Energiewende genauer ansehen:<\/summary>\n<p>Die deutsche Stromproduktion f\u00fchrte am Neujahrsmorgen 2018 (nicht zum ersten Mal) dazu, dass der Strompreis an den Stromb\u00f6rsen negativ wurde. D.h. \u00d6sterreich nahm uns Deutschen die \u00dcberproduktion ab, pumpte damit Wasser den Berg hoch, und daf\u00fcr bezahlten wir den \u00d6sterreichern 76 \u20ac pro MWh. Wurden Sie dar\u00fcber informiert? Halten Sie das f\u00fcr eine sinnvolle und durchdachte Umsetzung der Energiewende?<br \/>\nHier ein Schaubild dazu:<\/p>\n<p><img loading=\"lazy\" decoding=\"async\" class=\"alignnone wp-image-298 \" src=\"https:\/\/bernauers.de\/historisches\/wp-content\/uploads\/sites\/2\/2018\/02\/Energiewende1-e1517919789965-300x175.png\" alt=\"\" width=\"701\" height=\"409\" srcset=\"https:\/\/bernauers.de\/historisches\/wp-content\/uploads\/sites\/2\/2018\/02\/Energiewende1-e1517919789965-300x175.png 300w, https:\/\/bernauers.de\/historisches\/wp-content\/uploads\/sites\/2\/2018\/02\/Energiewende1-e1517919789965-768x448.png 768w, https:\/\/bernauers.de\/historisches\/wp-content\/uploads\/sites\/2\/2018\/02\/Energiewende1-e1517919789965-1024x598.png 1024w, https:\/\/bernauers.de\/historisches\/wp-content\/uploads\/sites\/2\/2018\/02\/Energiewende1-e1517919789965.png 1043w\" sizes=\"auto, (max-width: 701px) 100vw, 701px\" \/><\/p>\n<p>Heiner Flassbeck (ehemaliger Chef\u00f6konom der UNCTAD und beim DIW) kommentiert die aktuelle Situation so:<\/p>\n<p><em>Ich kann nicht beurteilen, ob mit allen m\u00f6glichen Ma\u00dfnahmen (Speicher, Gaskraftwerke, bessere Netze usw.) in einigen Jahrzehnten auf der Basis von Sonne und Wind die Technik f\u00fcr ein Energieversorgungssystem zu schaffen ist, das jederzeit alle Wetterkapriolen auff\u00e4ngt. Die Aufgabe ist nichts Geringeres, als die Schwankungen in der Versorgung mit erneuerbaren Kapazit\u00e4ten flexibel, also von Stunde zu Stunde zu kompensieren, so dass der Strompreis relativ konstant bleibt und die Versorgungssicherheit niemals gef\u00e4hrdet ist.<\/em><\/p>\n<p><em>Ich kann aber mit Sicherheit sagen, dass es ein solches System nicht im Rahmen der Marktwirtschaft geben wird. [&#8230;] Von marktwirtschaftlichen L\u00f6sung zu tr\u00e4umen, ist absurd und endet in einer grandiosen Geld- und Zeitverschwendung.<\/em><\/p>\n<p>Der Staat und auch unsere Stadt machen &#8211; wie jede andere Institution jede Menge Fehler. Es bedarf der demokratischen Kontrolle. Einfach noch mehr Windr\u00e4der zu bauen und ohne vern\u00fcnftig durchdachtes Konzept Wald und Landschaft zu sch\u00e4digen, ist f\u00fcr uns keine L\u00f6sung.<\/p>\n<p>An einer Demokratie die von korrekt informierten B\u00fcrgern getragen wird, geht kein Weg vorbei &#8211; arbeiten wir gemeinsam daran!<\/p>\n<p>Oder noch einmal mit den Worten des international renomierten \u00d6konomen Heiner Flassbeck &#8211; zum Thema Energiewende:<\/p>\n<p><em>Gerade bei einem solchen Thema darf man falsche Vorstellungen in der breiten \u00d6ffentlichkeit nicht einfach laufen lassen. Man muss, auch wenn es schwerf\u00e4llt, vor Illusionen warnen und \u00fcber die Zusammenh\u00e4nge aufkl\u00e4ren. Wie aber sollten das Politiker tun, die sich nicht einmal die M\u00fche machen, das zu verstehen, was sie selbst entschieden haben.<\/em><\/p>\n<\/details>\n<details>\n<summary>Ein Klick HIER und Sie k\u00f6nnen Sich \u00fcber B\u00fcrgermeister H\u00f6fer\u00b4s Demokratieverst\u00e4ndnis informieren:<\/summary>\n<p>Hier w\u00fcrde nun der bereits auf der Homepage stehende Inhalt \u00fcber die unbeantwortete Email an B\u00fcrgermeister H\u00f6fer stehen. . .<br \/>\nAuf diesen Brief an BM\u00a0H\u00f6fer haben wir bis heute keine Antwort erhalten!<br \/>\nIst das die neue demokratische Variante unangenehmen Dingen aus dem Weg zu gehen und diese zu verdr\u00e4ngen?<br \/>\nusw. . .<\/p>\n<\/details>\n<p>Hier k\u00f6nnte eine ganze Liste der f\u00fcr die B\u00fcrgerinitiative wichtigsten Argumente stehen, die jeder Besucher der Webseite, je nach Interesse auf- und wieder zuklappen kann.<\/p>\n<p>HG,<\/p>\n<p>Stefan Bernauer<\/p>\n","protected":false},"excerpt":{"rendered":"<p>Da ich B\u00fcrgerinitiativen grunds\u00e4tzlich f\u00fcr einen Ausdruck von Demokratie halte, habe ich auch die B\u00fcrgerinitiative Gegenwind schon 2 mal besucht. Erstmals noch 2017 in Altenbach im Sonus und gerade noch einmal am 22.02.2018 im neuen Ludwigstal. Hier treffen sich B\u00fcrger mit einem \u00fcberdurchschnittlich hohen Sachverstand bei Fragen der Energiewende, die uns ja alle betrifft. Wie &hellip; <a href=\"https:\/\/bernauers.de\/historisches\/2018\/02\/25\/die-buergerinitiative-gegenwind\/\" class=\"more-link\"><span class=\"screen-reader-text\">Die B\u00fcrgerinitiative Gegenwind<\/span> weiterlesen <span class=\"meta-nav\">&rarr;<\/span><\/a><\/p>\n","protected":false},"author":1,"featured_media":0,"comment_status":"open","ping_status":"open","sticky":false,"template":"","format":"standard","meta":{"footnotes":""},"categories":[4],"tags":[],"class_list":["post-358","post","type-post","status-publish","format-standard","hentry","category-gegenwind"],"_links":{"self":[{"href":"https:\/\/bernauers.de\/historisches\/wp-json\/wp\/v2\/posts\/358","targetHints":{"allow":["GET"]}}],"collection":[{"href":"https:\/\/bernauers.de\/historisches\/wp-json\/wp\/v2\/posts"}],"about":[{"href":"https:\/\/bernauers.de\/historisches\/wp-json\/wp\/v2\/types\/post"}],"author":[{"embeddable":true,"href":"https:\/\/bernauers.de\/historisches\/wp-json\/wp\/v2\/users\/1"}],"replies":[{"embeddable":true,"href":"https:\/\/bernauers.de\/historisches\/wp-json\/wp\/v2\/comments?post=358"}],"version-history":[{"count":22,"href":"https:\/\/bernauers.de\/historisches\/wp-json\/wp\/v2\/posts\/358\/revisions"}],"predecessor-version":[{"id":380,"href":"https:\/\/bernauers.de\/historisches\/wp-json\/wp\/v2\/posts\/358\/revisions\/380"}],"wp:attachment":[{"href":"https:\/\/bernauers.de\/historisches\/wp-json\/wp\/v2\/media?parent=358"}],"wp:term":[{"taxonomy":"category","embeddable":true,"href":"https:\/\/bernauers.de\/historisches\/wp-json\/wp\/v2\/categories?post=358"},{"taxonomy":"post_tag","embeddable":true,"href":"https:\/\/bernauers.de\/historisches\/wp-json\/wp\/v2\/tags?post=358"}],"curies":[{"name":"wp","href":"https:\/\/api.w.org\/{rel}","templated":true}]}}