{"id":2557,"date":"2025-10-09T12:32:22","date_gmt":"2025-10-09T10:32:22","guid":{"rendered":"https:\/\/bernauers.de\/historisches\/?p=2557"},"modified":"2025-10-09T12:47:26","modified_gmt":"2025-10-09T10:47:26","slug":"bjoern-lomborgs-argumente","status":"publish","type":"post","link":"https:\/\/bernauers.de\/historisches\/2025\/10\/09\/bjoern-lomborgs-argumente\/","title":{"rendered":"Bj\u00f6rn Lomborgs Argumente"},"content":{"rendered":"\n<h1 class=\"wp-block-heading\">Wer ist Bj\u00f6rn Lomborg<\/h1>\n\n\n\n<p>Eigentlich ist das gar nicht wichtig &#8211; es soll hier ja um seine Argumente gehen.<br>Dennoch mal zumindest eine grobe \u00dcbersicht \u00fcber seine Person, denn die wenigsten Leute in Deutschland kennen ihn:<\/p>\n\n\n\n<blockquote class=\"wp-block-quote is-layout-flow wp-block-quote-is-layout-flow\">\n<p>Dr. <strong>Bjorn Lomborg<\/strong> erforscht die kl\u00fcgsten Wege, um Gutes zu tun. <br>Mit seinem Think Tank, dem <strong>Copenhagen Consensus<\/strong>, hat er mit hunderten der besten \u00d6konomen der Welt und sieben Nobelpreistr\u00e4gern zusammengearbeitet, um die effektivsten L\u00f6sungen f\u00fcr die gr\u00f6\u00dften Herausforderungen der Menschheit zu finden und zu f\u00f6rdern, von Krankheiten und Hunger bis zu Klima und Bildung.<br><br>F\u00fcr seine Arbeit wurde Lomborg als einer der 100 einflussreichsten Menschen der Welt vom TIME- Magazine ausgezeichnet. Er ist &#8222;Visiting Fellow&#8220; an der Hoover Institution der Stanford University und ist ein h\u00e4ufiger Kommentator in Print- und Rundfunkmedien, f\u00fcr Medien wie die New York Times, Wall Street Journal, The Guardian, CNN, FOX und die BBC. Seine monatliche Kolumne wird in vielen Sprachen von Dutzenden einflussreicher Zeitungen auf allen Kontinenten ver\u00f6ffentlicht.<br><br>Er ist ein Bestseller-Autor, dessen B\u00fccher unter anderem \u201eFalse Alarm: How Climate Change Panic Costs Us Trillions, Hurts the Poor, and Fails to Fix the Planet\u201c, \u201eThe Skeptical Environmentalist\u201c, \u201eCool It\u201c, \u201eHow to Spend $75 Billion to Make the World a Better Place\u201c, \u201eThe Nobel Laureates&#8216; Guide to the Smartest Targets for the World 2016-2030\u201c und \u201ePrioritizing Development: A Cost Benefit Analysis of the UN&#8217;s SDGs\u201c umfassen.<br><br>Sein neustes Buch ist &#8222;Best Things First&#8220;. <\/p>\n<\/blockquote>\n\n\n\n<p>Wer mehr wissen m\u00f6chte, kann sich auf seiner Homepage umschauen: <a href=\"https:\/\/lomborg.com\/about\">https:\/\/lomborg.com\/about<\/a><\/p>\n\n\n\n<h1 class=\"wp-block-heading\">Die Absicht dieses Beitrags<\/h1>\n\n\n\n<p>Ich will hier nichts Umfassendes abliefern, sondern nur einige Punkte von Bj\u00f6rn Lomborgs Argumenten aufgreifen und in meinen Worten wiedergeben.<\/p>\n\n\n\n<p>In Bezug auf den Klimawandel werde ich hier <strong>keine<\/strong> Position beziehen, sondern einfach die Position von Bj\u00f6rn Lomborg darstellen.<br>Er steht klar auf dem Standpunkt, dass der Klimawandel menschengemacht ist und dass er uns Probleme macht, mit denen wir umgehen m\u00fcssen.<br>Aber eigentlich ist es f\u00fcr die L\u00f6sungen die er vorschl\u00e4gt v\u00f6llig unerheblich, ob der Klimawandel menschengemacht ist\u2026<br>Es ist also v\u00f6llig egal, welche Meinung Sie oder ich dazu haben. Es lohnt sich in jedem Fall sich mit seinen Argumenten zu befassen.<\/p>\n\n\n\n<p>Die Wissenschaft besteht im \u00dcbrigen nicht nur aus Klimawissenschaften, oder Naturwissenschaften, sie beinhaltet auch Sozial- und Ingenieurswissenschaften. Gerade beim Thema Klimawandel, sollte man das nicht vergessen.<br>Bj\u00f6rn Lomborgs Perspektive ist eine eher sozialwissenschaftliche bzw. \u00f6konomische. Und wenn man seine Kernargumente verstanden hat, dann versteht man auch, warum es so wichtig ist, die Klimapolitik nicht nur den Naturwissenschaftlern und den Politikern zu \u00fcberlassen\u2026<\/p>\n\n\n\n<h2 class=\"wp-block-heading\">Kernargumente von Bj\u00f6rn Lomborg zum Klimawandel<\/h2>\n\n\n\n<p>Lomborg warnt meist erst mal vor Panikmache und einer einseitigen Darstellung beim Thema Klimawandel.<br>Er fordert eine sachliche Debatte, die auf rationalen Analysen und nicht auf emotionalen Reaktionen basiert.<br>Wer k\u00f6nnte dazu schon NEIN sagen?<\/p>\n\n\n\n<p>Zuerst ist es ihm wichtig zu verstehen, dass der Klimawandel nicht das Ende der Welt ist.<br>Daf\u00fcr liefert er leicht nachvollziehbare Argumente:<\/p>\n\n\n\n<h3 class=\"wp-block-heading\">Beispiele, warum der Klimawandel nicht das Ende der Welt ist:<\/h3>\n\n\n\n<div class=\"custom-css-block\"><style>#aab_accordion_bc8ab386_1 {  }<\/style><\/div><div class=\"wp-block-aab-accordion-block aab__accordion_container  accessibilityOn\" style=\"margin-top:0px;margin-bottom:15px;border:1px solid #bcb6b638\" id=\"aab_accordion_bc8ab386_1\" role=\"button\" aria-expanded=\"false\" tabindex=\"0\"><div class=\"aab__accordion_head aab_right_icon \" style=\"background-color:#bcb6b638;border-top:none;border-right:none;border-bottom:none;border-left:none\"><div class=\"aab__accordion_heading aab_right_icon aab_right_link\"><div class=\"head_content_wrapper\"><div class=\"title_wrapper\"><h5 class=\"aab__accordion_title\" style=\"margin:0\">Hitzewellen &#8211; die Hitze t\u00f6tet Menschen<\/h5><\/div><\/div><\/div><div class=\"aab__accordion_icon\" style=\"border:0px solid transparent\"><span class=\"aab__icon dashicons dashicons-plus-alt2\" style=\"font-size:23px\"><\/span><\/div><\/div><div class=\"aab__accordion_body  \" role=\"region\" style=\"display:none;border-top:1px solid #bcb6b638;border-right:none;border-bottom:none;border-left:none\"><div class=\"aab__accordion_component\">\n<p>Ja und im Winter gibt es K\u00e4lteperioden, die ebenfalls Menschen t\u00f6ten.<br>Niemand kann das bestreiten.<br>Was wissen wir zu diesem Thema?<\/p>\n\n\n\n<figure class=\"wp-block-image size-full\"><img loading=\"lazy\" decoding=\"async\" width=\"828\" height=\"474\" src=\"https:\/\/bernauers.de\/historisches\/wp-content\/uploads\/sites\/2\/2025\/10\/Bjoern-Lomborg-Hitzewellen.jpg\" alt=\"\" class=\"wp-image-2562\" srcset=\"https:\/\/bernauers.de\/historisches\/wp-content\/uploads\/sites\/2\/2025\/10\/Bjoern-Lomborg-Hitzewellen.jpg 828w, https:\/\/bernauers.de\/historisches\/wp-content\/uploads\/sites\/2\/2025\/10\/Bjoern-Lomborg-Hitzewellen-300x172.jpg 300w, https:\/\/bernauers.de\/historisches\/wp-content\/uploads\/sites\/2\/2025\/10\/Bjoern-Lomborg-Hitzewellen-768x440.jpg 768w\" sizes=\"auto, (max-width: 828px) 100vw, 828px\" \/><\/figure>\n\n\n\n<p>Wir brauchen uns hier nicht \u00fcber die Feinheiten der Zahlen zu unterhalten, der Unterschied ist so deutlich, dass wir klar sagen k\u00f6nnen:<br>Ja, Hitze t\u00f6tet. Aber K\u00e4lte tut dies auch &#8211; und sogar deutlich mehr. Auch bei uns in Deutschland\u2026<br>Was k\u00f6nnen wir konkret dagegen tun?<br>Denn sterbende Menschen sind immer ein konkretes und dringendes Problem. V\u00f6llig egal wie Sie zum Klimawandel stehen.<\/p>\n\n\n\n<p>\u00dcbernachtungsm\u00f6glichkeiten f\u00fcr Obdachlose, funktionierende Zentralheizungen, die W\u00e4rme zu erschwinglichen Preisen auch in die H\u00e4user wenig beg\u00fcterter Menschen bringt, Klimaanlagen usw.<br>Reiche k\u00f6nnen sich das leicht leisten, auch wenn die Preise f\u00fcr Energie hoch sind &#8211; Arme aber nicht.<\/p>\n\n\n\n<p>Eine Politik, die unseren CO2 Aussto\u00df senkt, wird der gro\u00dfen Menge der Menschen, die j\u00e4hrlich an Hitze und K\u00e4lte sterben nicht helfen.<br>Bj\u00f6rn Lomborg macht darauf aufmerksam, dass wir die richtigen Fragen stellen und die hilfreichsten Antworten geben m\u00fcssen und nicht in Panik verfallen d\u00fcrfen, weil das Ende der Welt naht, weil wir weltweit immer mehr CO2 aussto\u00dfen\u2026<br>Und daf\u00fcr muss er den Klimawandel keine Sekunde lang leugnen\u2026<\/p>\n\n\n\n<p>Statt dessen erz\u00e4hlt uns die Politik oft nur die H\u00e4lfte der Wahrheit n\u00e4mlich, z.B. Joe Biden, der behauptete, extreme Hitze sei der Nummer 1 Killer in den USA &#8211; Bj\u00f6rn Lomborg weist darauf hin, dass die Zahlen was ganz anderes sagen:<\/p>\n\n\n\n<figure class=\"wp-block-image size-full\"><img loading=\"lazy\" decoding=\"async\" width=\"851\" height=\"462\" src=\"https:\/\/bernauers.de\/historisches\/wp-content\/uploads\/sites\/2\/2025\/10\/Bjoern-Lomborg-Biden-macht-Angst.jpg\" alt=\"\" class=\"wp-image-2564\" srcset=\"https:\/\/bernauers.de\/historisches\/wp-content\/uploads\/sites\/2\/2025\/10\/Bjoern-Lomborg-Biden-macht-Angst.jpg 851w, https:\/\/bernauers.de\/historisches\/wp-content\/uploads\/sites\/2\/2025\/10\/Bjoern-Lomborg-Biden-macht-Angst-300x163.jpg 300w, https:\/\/bernauers.de\/historisches\/wp-content\/uploads\/sites\/2\/2025\/10\/Bjoern-Lomborg-Biden-macht-Angst-768x417.jpg 768w\" sizes=\"auto, (max-width: 851px) 100vw, 851px\" \/><\/figure>\n\n\n\n<p>Auch in den USA, sterben wesentlich mehr Menschen an der K\u00e4lte, als an der Hitze.<br>Warum erz\u00e4hlt deren Pr\u00e4sident so offensichtlichen Unsinn?<\/p>\n\n\n\n<p>Und wenn Sie noch einen \u00dcberblick haben wollen, wie sich die Hitze- und K\u00e4ltetoten durch die aktuelle Erw\u00e4rmung des laufenden Klimawandels tats\u00e4chlich ausgewirkt haben &#8211; bitte sehr:<\/p>\n\n\n\n<figure class=\"wp-block-image size-full\"><img loading=\"lazy\" decoding=\"async\" width=\"808\" height=\"542\" src=\"https:\/\/bernauers.de\/historisches\/wp-content\/uploads\/sites\/2\/2025\/10\/Bjoern-Lomborg-Hitze-und-Kaeltetote-Entwicklung.png\" alt=\"\" class=\"wp-image-2566\" srcset=\"https:\/\/bernauers.de\/historisches\/wp-content\/uploads\/sites\/2\/2025\/10\/Bjoern-Lomborg-Hitze-und-Kaeltetote-Entwicklung.png 808w, https:\/\/bernauers.de\/historisches\/wp-content\/uploads\/sites\/2\/2025\/10\/Bjoern-Lomborg-Hitze-und-Kaeltetote-Entwicklung-300x201.png 300w, https:\/\/bernauers.de\/historisches\/wp-content\/uploads\/sites\/2\/2025\/10\/Bjoern-Lomborg-Hitze-und-Kaeltetote-Entwicklung-768x515.png 768w\" sizes=\"auto, (max-width: 808px) 100vw, 808px\" \/><\/figure>\n\n\n\n<p>Hatten Sie, aufgrund der medialen Berichterstattung und der Aussagen unserer Politiker etwas anderes erwartet?<\/p>\n\n\n\n<p>Trotz Klimawandel hat die Menschheit also bez\u00fcglich der Hitze- und K\u00e4ltetoten mehr Menschenleben gerettet als sterben lassen.<br>Und das ist keine komplizierte Theorie, sondern das sind die gemessenen Zahlen.<br>Wie haben wir das wohl geschafft?<br>Vermutlich haben wir konkrete, dr\u00e4ngende Probleme zuerst gel\u00f6st.<br>Gute Idee, oder?<\/p>\n\n\n\n<p>Wenn Sie Angst vorm Klimawandel haben, k\u00f6nnten Sie mal ihre \u00c4ngste langsam beginnen herunterzufahren.<br>Mit preiswerter Energie, k\u00f6nnen wir derartige Probleme relativ leicht l\u00f6sen.<br>Ich glaube, da m\u00fcssen wir nicht lange streiten.<\/p>\n\n\n\n<p>Er sagt \u00fcbrigens, dass sogar in Afrika mehr Menschen an K\u00e4lte als an Hitze sterben. Dazu hab&#8216; ich aber keine Grafik gefunden.<br>Aber es gibt ja auch nicht nur Hitze- Tote durch den Klimawandel:<\/p>\n<\/div><\/div><\/div>\n\n\n\n<div class=\"custom-css-block\"><style>#aab_accordion_b599539c_3 {  }<\/style><\/div><div class=\"wp-block-aab-accordion-block aab__accordion_container  accessibilityOn\" style=\"margin-top:0px;margin-bottom:15px;border:1px solid #bcb6b638\" id=\"aab_accordion_b599539c_3\" role=\"button\" aria-expanded=\"false\" tabindex=\"0\"><div class=\"aab__accordion_head aab_right_icon \" style=\"background-color:#bcb6b638;border-top:none;border-right:none;border-bottom:none;border-left:none\"><div class=\"aab__accordion_heading aab_right_icon aab_right_link\"><div class=\"head_content_wrapper\"><div class=\"title_wrapper\"><h5 class=\"aab__accordion_title\" style=\"margin:0\">&#8222;Klimatote&#8220; &#8211; allgemeiner betrachtet<\/h5><\/div><\/div><\/div><div class=\"aab__accordion_icon\" style=\"border:0px solid transparent\"><span class=\"aab__icon dashicons dashicons-plus-alt2\" style=\"font-size:23px\"><\/span><\/div><\/div><div class=\"aab__accordion_body  \" role=\"region\" style=\"display:none;border-top:1px solid #bcb6b638;border-right:none;border-bottom:none;border-left:none\"><div class=\"aab__accordion_component\">\n<p>Es sterben ja nicht nur Menschen direkt an der Hitze (und der K\u00e4lte), sondern auch an anderen mit dem Klima in Zusammenhang stehenden Problemen, wie Trockenheit, St\u00fcrmen, Fluten, Extremwetterlagen allgemein. . .<br><\/p>\n\n\n\n<figure class=\"wp-block-image size-full\"><img loading=\"lazy\" decoding=\"async\" width=\"363\" height=\"230\" src=\"https:\/\/bernauers.de\/historisches\/wp-content\/uploads\/sites\/2\/2025\/10\/Bjoern-Lomborg-Klimatote.jpg\" alt=\"\" class=\"wp-image-2567\" srcset=\"https:\/\/bernauers.de\/historisches\/wp-content\/uploads\/sites\/2\/2025\/10\/Bjoern-Lomborg-Klimatote.jpg 363w, https:\/\/bernauers.de\/historisches\/wp-content\/uploads\/sites\/2\/2025\/10\/Bjoern-Lomborg-Klimatote-300x190.jpg 300w\" sizes=\"auto, (max-width: 363px) 100vw, 363px\" \/><\/figure>\n\n\n\n<p><br>Ja, und die Menschheit hat es seit 1870, durch den Einsatz ihres Verstandes geschafft, die Anzahl der Klimatoten um etwa das 500 fache zu reduzieren.<br>Und das haben wir in diesem Zeitraum erreicht, obwohl wir gleichzeitig auf 8 Milliarden Menschen angewachsen sind.<br>Und zwar ohne unseren CO2 Aussto\u00df zu senken &#8211; nein, wir haben ihn in diesem Zeitraum erheblich erh\u00f6ht\u2026<br>Die Zahlen sprechen eine deutliche Sprache.<br>Kein Grund zur Panik, w\u00fcrde ich meinen.<\/p>\n<\/div><\/div><\/div>\n\n\n\n<div class=\"custom-css-block\"><style>#aab_accordion_97c0c482_5 {  }<\/style><\/div><div class=\"wp-block-aab-accordion-block aab__accordion_container  accessibilityOn\" style=\"margin-top:0px;margin-bottom:15px;border:1px solid #bcb6b638\" id=\"aab_accordion_97c0c482_5\" role=\"button\" aria-expanded=\"false\" tabindex=\"0\"><div class=\"aab__accordion_head aab_right_icon \" style=\"background-color:#bcb6b638;border-top:none;border-right:none;border-bottom:none;border-left:none\"><div class=\"aab__accordion_heading aab_right_icon aab_right_link\"><div class=\"head_content_wrapper\"><div class=\"title_wrapper\"><h5 class=\"aab__accordion_title\" style=\"margin:0\">Wildfire &#8211; Waldbr\u00e4nde und sonstige Fl\u00e4chenbr\u00e4nde\u2026<\/h5><\/div><\/div><\/div><div class=\"aab__accordion_icon\" style=\"border:0px solid transparent\"><span class=\"aab__icon dashicons dashicons-plus-alt2\" style=\"font-size:23px\"><\/span><\/div><\/div><div class=\"aab__accordion_body  \" role=\"region\" style=\"display:none;border-top:1px solid #bcb6b638;border-right:none;border-bottom:none;border-left:none\"><div class=\"aab__accordion_component\">\n<p>Es muss ja nicht immer gleich einer sterben &#8211; es ist doch auch schlimm genug, wenn ein Wald abbrennt, oder?<br>Nat\u00fcrlich!<br>Die meisten Menschen glauben vermutlich, dass es durch den Klimawandel mehr Waldbr\u00e4nde, oder andere Fl\u00e4chenbr\u00e4nde gibt, denn es wird ja w\u00e4rmer und h\u00e4ufig auch trockener. Die Daten zeigen jedoch, dass das Gegenteil der Fall ist.<\/p>\n\n\n\n<figure class=\"wp-block-image size-full\"><img loading=\"lazy\" decoding=\"async\" width=\"762\" height=\"444\" src=\"https:\/\/bernauers.de\/historisches\/wp-content\/uploads\/sites\/2\/2025\/10\/Bjoern-Lombok-Wildfire.jpg\" alt=\"\" class=\"wp-image-2568\" srcset=\"https:\/\/bernauers.de\/historisches\/wp-content\/uploads\/sites\/2\/2025\/10\/Bjoern-Lombok-Wildfire.jpg 762w, https:\/\/bernauers.de\/historisches\/wp-content\/uploads\/sites\/2\/2025\/10\/Bjoern-Lombok-Wildfire-300x175.jpg 300w\" sizes=\"auto, (max-width: 762px) 100vw, 762px\" \/><\/figure>\n\n\n\n<p>Wir wollen die Sch\u00e4tzungen f\u00fcr die Zukunft nicht \u00fcberbewerten, ebenso wenig wie die Daten von 1900\u2026<br>Auf jeden Fall zeigen aber auch die modernen Satellitendaten, dass es global einen abnehmenden Trend von unkontrolliertem Feuer gibt.<br>Damit ist nat\u00fcrlich keine Aussage \u00fcber den Klimawandel gemacht, aber es wird doch klar, dass der Mensch durch sein Verhalten durchaus in der Lage ist solche konkreten Probleme in den Griff zu bekommen.<\/p>\n\n\n\n<p>Etwas \u00fcbertrieben gesprochen k\u00f6nnte man sagen, dass die getroffenen Ma\u00dfnahmen gegen unkontrollierte Feuer wirksamer sind, als der bisher misslungene Versuch unseren weltweiten CO2 Aussto\u00df zu senken\u2026<\/p>\n\n\n\n<p>Wir sollten unseren Kindern sagen, dass das also keine Situation ist, in der wir immer gr\u00f6\u00dfere Probleme bekommen, sondern ihnen mit bestem Gewissen klar machen k\u00f6nnen: &#8222;Wir bekommen die Situation immer besser in den Griff, weil wir gemeinsam konkrete L\u00f6sungen finden&#8220;.<br>Besser als Panikmache, scheint mir dieser Ansatz von Bj\u00f6rn Lomborg allemal zu sein.<\/p>\n\n\n\n<p>Dieses Muster k\u00f6nnen wir nahezu \u00fcberall entdecken:<br>Ja, es kommen Probleme auf uns zu. Aber wir sind zunehmend in der Lage vern\u00fcnftig damit umzugehen, wenn wir uns den konkreten Problemen gemeinsam und vern\u00fcnftig zuwenden und praktikable L\u00f6sungen daf\u00fcr suchen.<\/p>\n<\/div><\/div><\/div>\n\n\n\n<div class=\"custom-css-block\"><style>#aab_accordion_8b921431_7 {  }<\/style><\/div><div class=\"wp-block-aab-accordion-block aab__accordion_container  accessibilityOn\" style=\"margin-top:0px;margin-bottom:15px;border:1px solid #bcb6b638\" id=\"aab_accordion_8b921431_7\" role=\"button\" aria-expanded=\"false\" tabindex=\"0\"><div class=\"aab__accordion_head aab_right_icon \" style=\"background-color:#bcb6b638;border-top:none;border-right:none;border-bottom:none;border-left:none\"><div class=\"aab__accordion_heading aab_right_icon aab_right_link\"><div class=\"head_content_wrapper\"><div class=\"title_wrapper\"><h5 class=\"aab__accordion_title\" style=\"margin:0\">Der Meeresspiegel steigt<\/h5><\/div><\/div><\/div><div class=\"aab__accordion_icon\" style=\"border:0px solid transparent\"><span class=\"aab__icon dashicons dashicons-plus-alt2\" style=\"font-size:23px\"><\/span><\/div><\/div><div class=\"aab__accordion_body  \" role=\"region\" style=\"display:none;border-top:1px solid #bcb6b638;border-right:none;border-bottom:none;border-left:none\"><div class=\"aab__accordion_component\">\n<p>Ganz so einfach ist es zwar nicht.<br>Doch ich werde die Debatte dar\u00fcber, dass dies nicht \u00fcberall so ist, sondern es sogar Teile der Welt gibt, in denen das Gegenteil der Fall ist, hier der Einfachheit halber weglassen.<br>Nehmen wir also einfach an, dass der Meeresspiegel \u00fcberall auf der Welt in den n\u00e4chsten 100 Jahren erheblich steigen wird.<\/p>\n\n\n\n<p>M\u00fcssen nicht alle K\u00fcstenbewohner sich deshalb Sorgen machen?<\/p>\n\n\n\n<p>Wenn man sich vor Augen h\u00e4lt wie viel Land, beispielsweise in Holland &#8211; aber auch in Deutschland (waren Sie schon mal an der Nordsee?), unterhalb des Meeresspiegels liegt, dann l\u00e4sst sich die Angst durchaus d\u00e4mpfen.<\/p>\n\n\n\n<p>Tats\u00e4chlich liegen heute schon etwa 40% von Holland unterhalb des Meeresspiegels.<br>Dieses Problem haben die Holl\u00e4nder technisch gel\u00f6st. Die Ostfriesen \u00fcbrigens auch.<br>Um die Deiche in den n\u00e4chsten 100 Jahren um ein paar Meter zu erh\u00f6hen ben\u00f6tigen wir ja nun keine Raketenwissenschaft. Und die Deiche zu bauen hat auch weder Holland, noch Deutschland arm gemacht.<\/p>\n\n\n\n<p>Um das in \u00e4rmeren L\u00e4ndern umzusetzen, bedarf es sicherlich einiger Anstrengung, aber die Kosten daf\u00fcr sind gering, im Vergleich mit den Kosten, die wir f\u00fcr den bisher erfolglosen Versuch unsere CO2 Emissionen weltweit zu senken aufgewendet haben.<\/p>\n<\/div><\/div><\/div>\n\n\n\n<p>Ich belasse es bei diesen Beispielen. <\/p>\n\n\n\n<p>Bj\u00f6rn Lomborg bleibt auch nicht dabei stehen uns mit Zahlen und Daten die Angst zu nehmen und Hoffnung f\u00fcr die Zukunft zu geben. <br>Er kritisiert durchaus, dass uns h\u00e4ufig etwas vorgemacht wird. <br>Wir sollten uns auch den Wahrheiten stellen, auch wenn sie f\u00fcr manche unangenehm sein m\u00f6gen:  <\/p>\n\n\n\n<h3 class=\"wp-block-heading\">Die Wahrheit sagen<\/h3>\n\n\n\n<p>Das glaubt vermutlich jeder zu tun. Aber zur Wahrheit geh\u00f6rt es manchmal, die eigenen Hoffnungen nicht f\u00fcr die Wahrheit zu halten, sondern sie an der Realit\u00e4t zu testen.<\/p>\n\n\n\n<div class=\"custom-css-block\"><style>#aab_accordion_fbf29d25_9 {  }<\/style><\/div><div class=\"wp-block-aab-accordion-block aab__accordion_container  accessibilityOn\" style=\"margin-top:0px;margin-bottom:15px;border:1px solid #bcb6b638\" id=\"aab_accordion_fbf29d25_9\" role=\"button\" aria-expanded=\"false\" tabindex=\"0\"><div class=\"aab__accordion_head aab_right_icon \" style=\"background-color:#bcb6b638;border-top:none;border-right:none;border-bottom:none;border-left:none\"><div class=\"aab__accordion_heading aab_right_icon aab_right_link\"><div class=\"head_content_wrapper\"><div class=\"title_wrapper\"><h5 class=\"aab__accordion_title\" style=\"margin:0\">Gr\u00fcne Fantasien &#8211; Wind und Solarstrom ist nicht billig<\/h5><\/div><\/div><\/div><div class=\"aab__accordion_icon\" style=\"border:0px solid transparent\"><span class=\"aab__icon dashicons dashicons-plus-alt2\" style=\"font-size:23px\"><\/span><\/div><\/div><div class=\"aab__accordion_body  \" role=\"region\" style=\"display:none;border-top:1px solid #bcb6b638;border-right:none;border-bottom:none;border-left:none\"><div class=\"aab__accordion_component\">\n<p>Es wird immer wieder erz\u00e4hlt, dass &#8222;die Erneuerbaren&#8220; so g\u00fcnstig w\u00e4ren.<br>Besonders bei den Solarzellen ist das doch auch offensichtlich richtig. Sie werden tats\u00e4chlich immer billiger.<br>Das kann ja niemand bestreiten &#8211; tut auch niemand, auch nicht Bj\u00f6rn Lomborg.<\/p>\n\n\n\n<p>Doch es ist etwas anderes, ob ich eine Solarzelle billig einkaufen kann, oder ob der Strompreis in einem Land sinkt, wenn viel Solarenergie genutzt wird.<br>Das ist gar nicht so leicht zu erkl\u00e4ren &#8211; und Bj\u00f6rn Lomborg verschwendet mit komplexen Erkl\u00e4rungen auch keine Zeit.<br>Er schaut einfach in der Praxis nach, wie stark die L\u00e4nder Solar und Wind nutzen und wie hoch die Preise f\u00fcr Strom in diesen L\u00e4ndern sind.<\/p>\n\n\n\n<figure class=\"wp-block-image size-full\"><img loading=\"lazy\" decoding=\"async\" width=\"385\" height=\"259\" src=\"https:\/\/bernauers.de\/historisches\/wp-content\/uploads\/sites\/2\/2025\/10\/Bjoern-Lomborg-Erneuerbare-sind-nicht-billig.jpg\" alt=\"\" class=\"wp-image-2569\" srcset=\"https:\/\/bernauers.de\/historisches\/wp-content\/uploads\/sites\/2\/2025\/10\/Bjoern-Lomborg-Erneuerbare-sind-nicht-billig.jpg 385w, https:\/\/bernauers.de\/historisches\/wp-content\/uploads\/sites\/2\/2025\/10\/Bjoern-Lomborg-Erneuerbare-sind-nicht-billig-300x202.jpg 300w\" sizes=\"auto, (max-width: 385px) 100vw, 385px\" \/><\/figure>\n\n\n\n<p><br>Die L\u00e4nder mit dem h\u00f6chsten Anteil an Solar und Windenergie, haben die h\u00f6chsten Energiepreise. D\u00e4nemark nutzt \u00fcber 60% Wind und Solar und hat die h\u00f6chsten Preise f\u00fcr Strom.<br>Ich glaube allerdings, dass seine Daten die ich hier aus einem Video herauskopiert habe veraltet sind, denn nach Statista hat inzwischen Deutschland den teuersten Strompreis in Europa &#8211; aber ich will mich hier nicht mit Feinheiten befassen, sondern die grobe Richtung darstellen.<br>Die Erkl\u00e4rung f\u00fcr dieses Ph\u00e4nomen findet sich \u00fcbrigens in einer aktuellen Erkl\u00e4rung der Bundesregierung, die schreibt:<\/p>\n\n\n\n<blockquote class=\"wp-block-quote is-layout-flow wp-block-quote-is-layout-flow\">\n<p>Die Annahme, dass Strom aus erneuerbaren Energien praktisch zum Nulltarif zur Verf\u00fcgung gestellt\nwerden kann, ist bei Ber\u00fccksichtigung des Gesamtsystems falsch \u2013 durch diese\nverk\u00fcrzte Sichtweise entstehen enorme wirtschaftliche Risiken. Photovoltaikanlagen\nund Windkraftr\u00e4der produzieren nur, wenn die Sonne scheint und der Wind weht. Da\nder Strom aber unabh\u00e4ngig davon immer gebraucht wird, reichen die erneuerbaren\nEnergien allein nicht aus \u2013 das Resultat sind hohe Investitionen in das gesamte\nStromsystem, vor allem in Infrastruktur, Speicher, Netzausbau und Backup-\nKapazit\u00e4ten, die f\u00fcr eine verl\u00e4ssliche Stromversorgung erforderlich sind. Hinzu\nkommen enorme Kosten f\u00fcr Netzengp\u00e4sse (Abregelung, Redispatch), die entstehen,\nwenn die Netze den erzeugten Strom nicht aufnehmen und transportieren k\u00f6nnen. All\ndiese Kosten verteuern unser Energiesystem und m\u00fcssen letztlich von Verbrauchern\nund Unternehmen \u00fcber die Stromrechnung bezahlt werden. <\/p>\n<\/blockquote>\n\n\n\n<p>Die Quelle daf\u00fcr finden Sie in meinem Artikel <a href=\"https:\/\/bernauers.de\/historisches\/2025\/10\/03\/ueber-windraeder-komplexitaet-und-demokratie\/\">https:\/\/bernauers.de\/historisches\/2025\/10\/03\/ueber-windraeder-komplexitaet-und-demokratie\/<\/a><\/p>\n<\/div><\/div><\/div>\n\n\n\n<div class=\"custom-css-block\"><style>#aab_accordion_bb0a8d2a_11 {  }<\/style><\/div><div class=\"wp-block-aab-accordion-block aab__accordion_container  accessibilityOn\" style=\"margin-top:0px;margin-bottom:15px;border:1px solid #bcb6b638\" id=\"aab_accordion_bb0a8d2a_11\" role=\"button\" aria-expanded=\"false\" tabindex=\"0\"><div class=\"aab__accordion_head aab_right_icon \" style=\"background-color:#bcb6b638;border-top:none;border-right:none;border-bottom:none;border-left:none\"><div class=\"aab__accordion_heading aab_right_icon aab_right_link\"><div class=\"head_content_wrapper\"><div class=\"title_wrapper\"><h5 class=\"aab__accordion_title\" style=\"margin:0\">Gr\u00fcne Fantasien2 &#8211; Wir k\u00f6nnten auf fossile Energietr\u00e4ger in absehbarer Zeit verzichten<\/h5><\/div><\/div><\/div><div class=\"aab__accordion_icon\" style=\"border:0px solid transparent\"><span class=\"aab__icon dashicons dashicons-plus-alt2\" style=\"font-size:23px\"><\/span><\/div><\/div><div class=\"aab__accordion_body  \" role=\"region\" style=\"display:none;border-top:1px solid #bcb6b638;border-right:none;border-bottom:none;border-left:none\"><div class=\"aab__accordion_component\">\n<p>Es ist v\u00f6llig unrealistisch, dass wir das hinbekommen, wenn wir uns die bisherige Entwicklung anschauen:<\/p>\n\n\n\n<figure class=\"wp-block-image size-full\"><img loading=\"lazy\" decoding=\"async\" width=\"406\" height=\"237\" src=\"https:\/\/bernauers.de\/historisches\/wp-content\/uploads\/sites\/2\/2025\/10\/Bjoern-Lomborg-Fossile-Treibstoffe.jpg\" alt=\"\" class=\"wp-image-2570\" srcset=\"https:\/\/bernauers.de\/historisches\/wp-content\/uploads\/sites\/2\/2025\/10\/Bjoern-Lomborg-Fossile-Treibstoffe.jpg 406w, https:\/\/bernauers.de\/historisches\/wp-content\/uploads\/sites\/2\/2025\/10\/Bjoern-Lomborg-Fossile-Treibstoffe-300x175.jpg 300w\" sizes=\"auto, (max-width: 406px) 100vw, 406px\" \/><\/figure>\n\n\n\n<p>Muss uns das nun wieder Angst machen?<br>Nein, es geht ihm nur darum, dass wir ehrlich sagen was m\u00f6glich ist.<br>Und das was uns h\u00e4ufig erz\u00e4hlt wird, ist eben unrealistisch.<br>Er bringt noch viele Beispiele und begr\u00fcndet seine Argumente ausf\u00fchrlich, aber mir fehlt die Zeit das alles wiederzugeben. <br>Wer mehr wissen m\u00f6chte, kann seine zahlreichen Videos anschauen &#8211; die allerdings nur in englischer Sprache verf\u00fcgbar sind.<br>Oder auch in meinem oben schon verlinkten Beitrag nachsehen, wie sich der weltweite Aussto\u00df von Treibhausgasen durch den Menschen entwickelt hat.<br>Er ist st\u00e4ndig gestiegen. Wir haben ihn bisher, trotz aller Anstrengungen, noch nicht mal verlangsamt\u2026<\/p>\n<\/div><\/div><\/div>\n\n\n\n<h2 class=\"wp-block-heading\">Was sollten wir tun?<\/h2>\n\n\n\n<p>Was schl\u00e4gt Bj\u00f6rn Lomborg konkret vor?<br>Eigentlich sind es gar nicht die Vorschl\u00e4ge von Bj\u00f6rn Lomborg allein. Er ist nur das Gesicht einer ganzen Gruppe von \u00d6konomen und anderen Wissenschaftlern, die viel Zeit daf\u00fcr aufgewendet haben, um die Frage zu beantworten:<br>Was k\u00f6nnen wir tun, um mit m\u00f6glichst geringem Einsatz, m\u00f6glichst viel f\u00fcr m\u00f6glichst viele Menschen zu erreichen.<br>Offensichtlich eine kaum zu kritisierende Fragestellung.<\/p>\n\n\n\n<p>Man mag einwenden: &#8222;Warum sollten wir einen m\u00f6glichst geringen Einsatz anstreben &#8211; wir k\u00f6nnten doch einfach auch ganz viel tun, oder?&#8220;<br>Vergessen Sie nicht: Unsere Mittel und M\u00f6glichkeiten sind immer begrenzt.<br>Wir haben nicht unendlich viel Geld, unendlich viel Arbeitskraft und beliebig hoch entwickelte Technologien. <br>Und auch wir selbst streiten zu oft \u00fcber den &#8222;besten Weg&#8220;, obwohl jeder mittelm\u00e4\u00dfige schon besser w\u00e4re, als der schlechte, den wir gerade entlang laufen w\u00e4hrend wir streiten&#8230; <\/p>\n\n\n\n<p>Wir m\u00fcssen also immer eine Auswahl treffen und das Effizienteste sollten wir daher <strong>zuerst<\/strong> tun, besonders dann, wenn es dringend ist.<\/p>\n\n\n\n<p>Seine grundlegende Vorgehensweise ist einfach:<\/p>\n\n\n\n<ol class=\"wp-block-list\">\n<li>Schauen, wo k\u00f6nnen wir \u00fcberall unser Geld und unsere Arbeit investieren?<\/li>\n\n\n\n<li>Untersuchen, an welchen dieser M\u00f6glichkeiten wir mit m\u00f6glichst geringem Einsatz, den gr\u00f6\u00dften Nutzen erhalten.<\/li>\n\n\n\n<li>Schlussfolgerung: Die Dinge, die mit den geringsten Mitteln den gr\u00f6\u00dften Effekt haben, zuerst tun.<br>In Bezug auf den Umgang mit den Folgen des Klimawandels sind die Ergebnisse erstaunlich.<\/li>\n<\/ol>\n\n\n\n<p>Ich werde hier nicht alles berichten k\u00f6nnen, was Bj\u00f6rn Lomborg und andere dazu herausgefunden haben.<br>Aber damit Sie ein Gef\u00fchl f\u00fcr die Richtung bekommen, nenne ich ein paar Beispiele:<\/p>\n\n\n\n<h3 class=\"wp-block-heading\">Viele Probleme entstehen und verst\u00e4rken sich durch Armut<\/h3>\n\n\n\n<h4 class=\"wp-block-heading\">So manch konkretes Problem startet schon mit der Geburt\u2026<\/h4>\n\n\n\n<p>Bj\u00f6rn Lomborg weist darauf hin, dass etwa 300.000 M\u00fctter jedes Jahr weltweit w\u00e4hrend der Geburt sterben.<br>Und etwa 2,3 Millionen Kinder sterben in den ersten 28 Tagen ihres kurzen Lebens.<br>Diese Trag\u00f6die w\u00e4re mit sehr wenig finanziellem Aufwand zu l\u00f6sen &#8211; mindestens erheblich zu verbessern.<br>Man ben\u00f6tigt auch hier wieder keine Raketenwissenschaft dazu.<br>Ein Beispiel:<br>Etwa 5% der Neugeborenen fangen nicht von alleine an zu Atmen. In den reichen L\u00e4ndern ist das kein Problem. Bei uns bekommen Sie routinem\u00e4\u00dfig eine kurze Beatmung und fangen dann selbst zu atmen an. In vielen Entwicklungsl\u00e4ndern sterben Kinder, weil es an den n\u00f6tigen Beatmungsger\u00e4ten fehlt, die man f\u00fcr 75,- Dollar beschaffen k\u00f6nnte. Mit jedem einzelnen dieser Ger\u00e4te k\u00f6nnte man in den Jahren nach der Anschaffung viele dieser Kinder retten, wenn sie den M\u00fcttern und deren Geburtshelfern dort zur Verf\u00fcgung st\u00fcnden.<\/p>\n\n\n\n<p>Mit einem sehr geringen Aufwand, so fand die Gruppe um Lomberg heraus, k\u00f6nnte man 700.000 Kinder retten.<br>Doch wir tun es nicht, sondern diskutieren dar\u00fcber, ob der Klimawandel nun menschengemacht ist, oder nicht\u2026<br>Der Klimawandel ist sicher ein globales Problem &#8211; Kindersterblichkeit ist es aber auch.<br>Letzteres ist mit wesentlich weniger Aufwand und in viel k\u00fcrzerer Zeit zu l\u00f6sen.<br>Wo sollten wir wohl unsere Priorit\u00e4ten setzen?<\/p>\n\n\n\n<h4 class=\"wp-block-heading\">Bildung<\/h4>\n\n\n\n<p>Gerade in Entwicklungsl\u00e4ndern ist Bildung ein untersch\u00e4tztes Problem.<br>Gut ausgebildete Kinder werden als Erwachsene wesentlich produktiver und lernen viel besser Probleme in Ihren L\u00e4ndern zu L\u00f6sen, als ungebildete.<br>Die Menschheit insgesamt w\u00fcrde davon profitieren.<br>Lombergs Team sch\u00e4tzt, dass man durch die Investition von 10 Billionen Dollar einen sp\u00e4teren Ertrag von 600 Billionen Dollar erzielen k\u00f6nnte.<\/p>\n\n\n\n<p>Investition in Bildung hat der Menschheit schon immer erheblichen Ertrag gebracht. Warum sollen wir ein derartiges Erfolgsrezept nicht weiter verfolgen?<\/p>\n\n\n\n<h4 class=\"wp-block-heading\">Tuberkulose und Malaria<\/h4>\n\n\n\n<p>In den &#8222;reichen&#8220; L\u00e4ndern haben wir das Problem der Tuberkulose fast vollst\u00e4ndig gel\u00f6st. Wir wissen also wie das geht.<br>In den Entwicklungsl\u00e4ndern sterben aber immer noch etwa 1,4 Millionen Menschen jedes Jahr daran.<br>Lomborg und sein Team sch\u00e4tzt, dass wir mit dem Einsatz von 5,5 Billionen Dollar, ungef\u00e4hr 1 Million Menschenleben retten k\u00f6nnen.<\/p>\n\n\n\n<p>Auch bei der Malaria ist das \u00e4hnlich.<br>Mit einfachen und billigen Moskitonetzen, die mit Insektiziden impr\u00e4gniert werden, k\u00f6nnte man das auf sehr g\u00fcnstige Art wesentlich verbessern.<\/p>\n\n\n\n<h4 class=\"wp-block-heading\">Weitere Punkte, die wir zu wenig diskutieren, w\u00e4hrend wir \u00fcber die &#8222;wahren&#8220; Ursachen des Klimawandels streiten.<\/h4>\n\n\n\n<p>Wir k\u00f6nnten unglaublich viel Gutes tun, wenn wir uns vorher genau anschauen, wo wir unser Geld und unsere Arbeitskraft investieren.<br>Die Klimawandelpanik f\u00fchrt oft dazu, dass wir unheimlich viel Geld und Ressourcen an Stellen ausgeben, die sehr ineffizient f\u00fcr das L\u00f6sen unserer konkreten Probleme sind und dort dann schmerzlich fehlen. <br>Bj\u00f6rn Lomborg hat in seinem neuen Buch 12 Bereiche vorgeschlagen in denen wir sehr effizient helfen k\u00f6nnen:<\/p>\n\n\n\n<figure class=\"wp-block-image size-full\"><img loading=\"lazy\" decoding=\"async\" width=\"646\" height=\"537\" src=\"https:\/\/bernauers.de\/historisches\/wp-content\/uploads\/sites\/2\/2025\/10\/Bjoern-Lomborg-What-todo.jpg\" alt=\"\" class=\"wp-image-2571\" srcset=\"https:\/\/bernauers.de\/historisches\/wp-content\/uploads\/sites\/2\/2025\/10\/Bjoern-Lomborg-What-todo.jpg 646w, https:\/\/bernauers.de\/historisches\/wp-content\/uploads\/sites\/2\/2025\/10\/Bjoern-Lomborg-What-todo-300x249.jpg 300w\" sizes=\"auto, (max-width: 646px) 100vw, 646px\" \/><\/figure>\n\n\n\n<p>Wie Sie sehen k\u00f6nnen, kommt er nach seinen Analysen zu von manchen unerwarteten Schlussfolgerungen.<\/p>\n\n\n\n<p>Die meisten seiner Punkte h\u00e4ngen mit dem Problem der Armut zusammen. Das d\u00fcrfte in den bisherigen Beispielen schon klar geworden sein.<\/p>\n\n\n\n<p>Ich m\u00f6chte hier nicht alles durchgehen und auch nicht behaupten, dass alles was er und seine Mitarbeiter vorschlagen schon der Weisheit letzter Schluss w\u00e4re.<\/p>\n\n\n\n<p>Aber es gibt keinen Grund sich die Zukunft ausgerechnet wegen dem Klimawandel in &#8222;dunkelschwarz&#8220; vorzustellen\u2026<\/p>\n\n\n\n<p>Ganz allgemein ist es schwierig die Kreativit\u00e4t der Menschen vorherzusagen, aber sicher wird auch das einen erheblichen Beitrag f\u00fcr eine positive Zukunft leisten.<br>Jedenfalls dann, wenn wir unsere Kreativit\u00e4t nicht nur f\u00fcr bessere Waffensysteme und Kriege &#8222;verpulvern&#8220;.<\/p>\n\n\n\n<p>Das ist nun kein typisches Bj\u00f6rn Lomborg- Argument, aber ich komme nicht umhin, es zu nennen: <\/p>\n\n\n\n<p>Etwa 5,5 % der globalen CO2-Emissionen d\u00fcrften allein den Milit\u00e4rs der Welt zuzurechnen sein.<br>Quelle: <a href=\"https:\/\/www.scientists4future.at\/2023\/05\/15\/co2-stiefelabdruck-des-militars\/\">https:\/\/www.scientists4future.at\/2023\/05\/15\/co2-stiefelabdruck-des-militars\/<\/a><br>Dies ist schon in Friedenszeiten ein enormer Posten.<br>Doch auf der Welt toben Kriege. Sie kosten t\u00e4glich Menschenleben.<br>Vielleicht sollten wir uns mehr um unseren Beitrag zum Frieden, als um unseren CO2- Beitrag sorgen \u2013 was meinen Sie?<\/p>\n\n\n\n<p>Wir haben beim Frieden bisher versagt, also stecken wir unser Geld und unsere Energie in Windr\u00e4der, mit denen wir unsere Ziele auch nicht erreicht haben?<br>Das w\u00e4re doch eine ziemlich schr\u00e4ge Argumentation.<\/p>\n\n\n\n<h4 class=\"wp-block-heading\">Technologische Entwicklung<\/h4>\n\n\n\n<p>Viele Menschen, die die Energiewende in Ihrer bisherigen Form weiterf\u00fchren wollen, weisen ja selbst darauf hin, dass wir uns technologisch weiterentwickeln.<br>W\u00e4hrend Sie ihre Vorstellungskraft allerdings auf Batteriespeicher, Wasserstoff, effizientere erneuerbare Energien und Elektroautos begrenzen, bleibt Lomborg hier offener.<br>Die Chinesen \u00fcbrigens auch, denn sie bauen nicht nur jede Menge Windr\u00e4der, Solarzellen und Wasserkraftwerke, sondern auch Kohlekraftwerke (hoffentlich effiziente mit guter Abgasreinigung) und Atomkraftwerke (hoffentlich sichere).<br>Wer kann schon vorhersagen, was wir sonst noch alles erfinden werden?<\/p>\n\n\n\n<h4 class=\"wp-block-heading\">Anpassen<\/h4>\n\n\n\n<p>Deiche bauen, Heizungen und Klimaanlagen, stabilere H\u00e4user (insbesondere in \u00e4rmeren L\u00e4ndern), besser ged\u00e4mmte H\u00e4user,<br>medizinische Entwicklungen &#8211; all das was wir schon kennen, kann viel mehr leisten als wir uns das bisher vorstellen, weil diese Themen oft bei der Diskussion um den Klimawandel untergehen.<\/p>\n\n\n\n<p>Neue Entwicklungen sind da noch gar nicht enthalten.<br>Sie sind aber wahrscheinlich, wenn man sich unsere Geschichte vor Augen h\u00e4lt.<\/p>\n\n\n\n<p>Suchen Sie im Netz mal nach dem Dual Fluid Reaktor.<br>Der wird gerade in Ruanda geplant. Wir werden sehen, ob er seine Versprechen halten kann.<br>In Deutschland wird das aber kaum diskutiert. Erstaunlich, denn die Erfinder kommen schlie\u00dflich aus Deutschland und er verspricht nicht nur extrem sicher zu sein, sondern auch noch unser Atomm\u00fcll- Problem zu l\u00f6sen, da er auch Atomm\u00fcll als Rohstoff nutzen kann.<\/p>\n\n\n\n<h1 class=\"wp-block-heading\">Zusammenfassung<\/h1>\n\n\n\n<p>Lomborgs Argumente, die in Deutschland eher selten diskutiert werden (oder hatten Sie von ihm schon mal geh\u00f6rt?), erhalten auch aus ganz anderer Richtung R\u00fcckenwind.<br>Eine Studie der DIHK kommt beispielsweise zu dem Schluss:<\/p>\n\n\n\n<blockquote class=\"wp-block-quote is-layout-flow wp-block-quote-is-layout-flow\">\n<p>Diese Studie zeigt, dass die bisher verfolgte Strategie der Energiewende absehbar in eine\nvolkswirtschaftliche Sackgasse f\u00fchrt. Mit kumulierten Energiesystemkosten von rund 4,8 bis\n5,4 Billionen \u20ac bis 2050 erscheint der aktuelle Pfad nicht nur unn\u00f6tig teuer, sondern auch\nstrukturell ineffizient. <\/p>\n<\/blockquote>\n\n\n\n<p>Quelle: <a href=\"https:\/\/www.frontier-economics.com\/media\/u1vbsfop\/frontier-dihk-energiewende-plan-b-03092025-stc-update-stc.pdf\">https:\/\/www.frontier-economics.com\/media\/u1vbsfop\/frontier-dihk-energiewende-plan-b-03092025-stc-update-stc.pdf<\/a><\/p>\n\n\n\n<p>Ja, wir brauchen eine Diskussion \u00fcber Effizienz.<br>Und das ist sicher etwas, das Bj\u00f6rn Lomborg weltweit angesto\u00dfen hat, auch wenn wir in Deutschland eher selten davon h\u00f6ren. <\/p>\n\n\n\n<p>Was unsere M\u00f6glichkeiten zum Umgang mit dem Klimawandel angeht, so bleibt festzuhalten, dass wir bisher viel zu sehr in eine bestimmte Richtung gedacht haben.<br>Wir sollten offener sein und andere Argumente, wie die von Bj\u00f6rn Lomborg in Betracht ziehen.<br>Grund f\u00fcr Panik gibt es nicht.<br>Gr\u00fcnde f\u00fcr eine offene Debatte sollte es in einer Demokratie jedoch immer genug geben.<\/p>\n","protected":false},"excerpt":{"rendered":"<p>Wer ist Bj\u00f6rn Lomborg Eigentlich ist das gar nicht wichtig &#8211; es soll hier ja um seine Argumente gehen.Dennoch mal zumindest eine grobe \u00dcbersicht \u00fcber seine Person, denn die wenigsten Leute in Deutschland kennen ihn: Dr. Bjorn Lomborg erforscht die kl\u00fcgsten Wege, um Gutes zu tun. Mit seinem Think Tank, dem Copenhagen Consensus, hat er &hellip; <a href=\"https:\/\/bernauers.de\/historisches\/2025\/10\/09\/bjoern-lomborgs-argumente\/\" class=\"more-link\"><span class=\"screen-reader-text\">Bj\u00f6rn Lomborgs Argumente<\/span> weiterlesen <span class=\"meta-nav\">&rarr;<\/span><\/a><\/p>\n","protected":false},"author":1,"featured_media":0,"comment_status":"open","ping_status":"open","sticky":false,"template":"","format":"standard","meta":{"footnotes":""},"categories":[1],"tags":[],"class_list":["post-2557","post","type-post","status-publish","format-standard","hentry","category-allgemein"],"_links":{"self":[{"href":"https:\/\/bernauers.de\/historisches\/wp-json\/wp\/v2\/posts\/2557","targetHints":{"allow":["GET"]}}],"collection":[{"href":"https:\/\/bernauers.de\/historisches\/wp-json\/wp\/v2\/posts"}],"about":[{"href":"https:\/\/bernauers.de\/historisches\/wp-json\/wp\/v2\/types\/post"}],"author":[{"embeddable":true,"href":"https:\/\/bernauers.de\/historisches\/wp-json\/wp\/v2\/users\/1"}],"replies":[{"embeddable":true,"href":"https:\/\/bernauers.de\/historisches\/wp-json\/wp\/v2\/comments?post=2557"}],"version-history":[{"count":19,"href":"https:\/\/bernauers.de\/historisches\/wp-json\/wp\/v2\/posts\/2557\/revisions"}],"predecessor-version":[{"id":2584,"href":"https:\/\/bernauers.de\/historisches\/wp-json\/wp\/v2\/posts\/2557\/revisions\/2584"}],"wp:attachment":[{"href":"https:\/\/bernauers.de\/historisches\/wp-json\/wp\/v2\/media?parent=2557"}],"wp:term":[{"taxonomy":"category","embeddable":true,"href":"https:\/\/bernauers.de\/historisches\/wp-json\/wp\/v2\/categories?post=2557"},{"taxonomy":"post_tag","embeddable":true,"href":"https:\/\/bernauers.de\/historisches\/wp-json\/wp\/v2\/tags?post=2557"}],"curies":[{"name":"wp","href":"https:\/\/api.w.org\/{rel}","templated":true}]}}