{"id":2539,"date":"2025-10-09T11:23:51","date_gmt":"2025-10-09T09:23:51","guid":{"rendered":"https:\/\/bernauers.de\/historisches\/?p=2539"},"modified":"2025-10-28T14:10:47","modified_gmt":"2025-10-28T13:10:47","slug":"streit-um-klimawandel","status":"publish","type":"post","link":"https:\/\/bernauers.de\/historisches\/2025\/10\/09\/streit-um-klimawandel\/","title":{"rendered":"Streit um Klimawandel?"},"content":{"rendered":"\n<h1 class=\"wp-block-heading\">Der Ausgangspunkt des Problems<\/h1>\n\n\n\n<p>F\u00fcr viele B\u00fcrger ist der Klimawandel ein zentrales Thema.<br>Und wie bei allen Themen, die den Menschen wichtig sind, gibt es unterschiedliche Meinungen dazu und es wird heftig gestritten.<\/p>\n\n\n\n<p>In Schriesheim wird das aktuell durch den B\u00fcrgerentscheid mal wieder verst\u00e4rkt.<br>Wenn ich mit Menschen in&#8217;s Gespr\u00e4ch komme, die sich f\u00fcr die Windr\u00e4der im Schriesheimer Wald aussprechen, so stelle ich fest:<br>Viele sehen die negativen Auswirkungen auf den Wald und weitere damit verbundene Probleme durchaus,<br>doch dann kommt ihr &#8222;alles schlagendes&#8220; Argument: Aber der Klimawandel &#8211; was sollen wir denn sonst tun?<\/p>\n\n\n\n<p>Nun gibt es Leute, die glauben, dass der menschengemachte Klimawandel ein riesiges Problem ist und solche, die das f\u00fcr eine gewaltige Fehleinsch\u00e4tzung halten. Da wird ziemlich unvers\u00f6hnlich gestritten. <\/p>\n\n\n\n<p>Grund genug mich mit diesem Thema mal etwas ausf\u00fchrlicher auseinander zu setzen.<\/p>\n\n\n\n<h2 class=\"wp-block-heading\">Leugner, Hysteriker und andere Zeitgenossen<\/h2>\n\n\n\n<p>Vielleicht sollten wir mal einen Moment dar\u00fcber nachdenken, weshalb es so schwierig ist &#8222;Klimawandel- Leugner&#8220; und &#8222;Klimawandel- Hysteriker&#8220; in eine fruchtbare Debatte zu bekommen.<br>Das w\u00e4re in einer Demokratie nat\u00fcrlich sehr n\u00fctzlich. Streng genommen finde ich, dass es hier um den Kern der Demokratie geht\u2026<br>Ich erlebe jedoch erschreckend selten, dass Menschen wirklich dazu bereit sind.<br>Das ist erkl\u00e4rungsbed\u00fcrftig.<\/p>\n\n\n\n<p>Ich m\u00f6chte mich hier mal darauf konzentrieren, was uns Menschen so uneinsichtig, unnachgiebig und verst\u00e4ndnislos f\u00fcr die jeweils andere Seite macht. Und das am Beispiel des Klimawandels erl\u00e4utern.<\/p>\n\n\n\n<p>Der Kern des Problems k\u00f6nnte der Glaube sein, dass wir dem Weltuntergang entgegen gehen, wenn wir nicht entschlossen und mit allen Mitteln jetzt sofort handeln. Nein, das ist zu schwach formuliert:<br>Ich behaupte mal:<br>Der Kern ist, das &#8222;Wissen&#8220;, dass wir dem Weltuntergang entgegen gehen &#8211; und das gilt merkw\u00fcrdigerweise auf <strong>beiden<\/strong> Seiten des Meinungsspektrums\u2026<\/p>\n\n\n\n<p>Ich beginne mit einer groben Darstellung der Seite der &#8222;Klimawandel- Hysteriker&#8220;, die sich selbst nat\u00fcrlich niemals so nennen w\u00fcrden, da sie ja nur sagen, was &#8222;die Wissenschaft&#8220; herausgefunden hat &#8211; und das ist be\u00e4ngstigend\u2026<\/p>\n\n\n\n<h2 class=\"wp-block-heading\">Angst vorm Klimawandel<\/h2>\n\n\n\n<p>Wenn Sie diese Angst haben, dann stimmen Sie wahrscheinlich den n\u00e4chsten S\u00e4tzen im Wesentlichen zu &#8211; auch wenn ich hier mal ordentlich zuspitze:<\/p>\n\n\n\n<blockquote class=\"wp-block-quote is-layout-flow wp-block-quote-is-layout-flow\">\n<p>Der Klimawandel &#8211; und zwar der vom Menschen gemachte Klimawandel, ist nichts anderes, als das Abs\u00e4gen des Astes auf dem wir sitzen.<br>Und wenn wir noch eine Weile s\u00e4gen, dann werden wir fallen\u2026<br>Den Menschen, die das &#8222;wissen&#8220;, macht der erwartete Fall nat\u00fcrlich Angst. <br>Die Frage nach der Fallh\u00f6he ist auch klar: Der Fall k\u00e4me einer Katastrophe gleich.<br>Und zwar eine, die wir verhindern k\u00f6nnten, wenn wir nur alle an einem Strang ziehen w\u00fcrden.<\/p>\n\n\n\n<p>Die ganze Welt hat doch inzwischen erkannt, dass es so ist.<br>Die L\u00e4nder setzen sich in Kyoto und Paris zusammen und diskutieren, wie man das Problem l\u00f6sen kann.<br>Die Wissenschaftler, die Politiker, die Medien &#8211; alle sind sich einig:<br>Der Klimawandel kommt und wir tun viel zu wenig und die Folgen werden verheerend sein.<\/p>\n\n\n\n<p>Wir erleben die Folgen ja schon. St\u00fcrme mit \u00dcberflutungen, Trockenheit, Hitze, der steigende Meeresspiegel verschluckt Inseln und das ist ja nur der Anfang\u2026<br>Man kann \u00fcber die Typen, die das alles einfach nicht sehen wollen doch nur den Kopf sch\u00fctteln.<br>Alle sind sich einig, bis auf die Spinner, die einfach nicht glauben wollen, dass 8 Milliarden Menschen immer schneller den Ast abs\u00e4gen, auf dem wir alle sitzen.<br>Wie kann man sich da gegen ein paar Windr\u00e4der im Schriesheimer Wald stellen und das Volk mit ein paar toten V\u00f6geln hinters Licht f\u00fchren.<\/p>\n\n\n\n<p>Diese Klimawandel- Leugner sind offensichtlich v\u00f6llige Idioten.<\/p>\n<\/blockquote>\n\n\n\n<p>So ungef\u00e4hr urteilt die eine Seite.<br>Demgegen\u00fcber gibt es eben diese sogenannten &#8222;Klimaleugner&#8220;, die sich selbst nat\u00fcrlich auch niemals so nennen w\u00fcrden, da sie ja gar nicht das Klima leugnen.<\/p>\n\n\n\n<h2 class=\"wp-block-heading\">Klimawandel gab es schon immer &#8211; die Hysteriker sind das eigentliche Problem\u2026<\/h2>\n\n\n\n<p>\u2026und vor diesem Problem kann man offensichtlich auch Angst haben.<br>Und wenn Sie die haben, dann stimmen Sie wahrscheinlich den n\u00e4chsten S\u00e4tzen im Wesentlichen zu &#8211; auch hier werde ich ordentlich zuspitzen:<\/p>\n\n\n\n<blockquote class=\"wp-block-quote is-layout-flow wp-block-quote-is-layout-flow\">\n<p>Das &#8222;wahre&#8220; Problem mit dem Klimawandel ist, dass wir seit Jahrzehnten dar\u00fcber belogen werden.<br>Mit dem Club of Rome hat es angefangen &#8211; deren ganzen Voraussagen haben sich l\u00e4ngst als falsch herausgestellt.<br><strong>Al Gore<\/strong> hat noch einen draufgesetzt. Mit seinem gef\u00e4lschten Hockeystick-Diagramm, hat er eine dramatische Zunahme der globalen Temperaturen als menschgemachten Klimawandel herbei illustriert. Diese L\u00fcge mit der falschen Darstellung des Hockeysticks ist zwar inzwischen aufgeflogen, aber den Hysterikern sind solche Fakten ja egal. Sie glauben es einfach trotzdem, weil die Politik das IPCC damit beauftragt hat, zu zeigen dass der Klimawandel menschengemacht ist. Wenn man Leute daf\u00fcr bezahlt, das zu zeigen, dann werden die das zeigen &#8211; kein Wunder\u2026<\/p>\n\n\n\n<p>Viele L\u00e4nder haben diesen Quatsch gerne aufgenommen, um ein Thema zu haben, mit dem sich die eigene Bev\u00f6lkerung g\u00e4ngeln l\u00e4sst.<br>Und die \u00e4rmeren L\u00e4nder nutzen das, um die reichen L\u00e4nder politisch unter Druck setzen zu k\u00f6nnen und Forderungen zu stellen.<br>Vielleicht haben viele davon es sogar selbst geglaubt.<br>ZB. beim <strong>Pariser Abkommen<\/strong> (2015), das darauf abzielt, die Erderw\u00e4rmung auf unter 2 Grad Celsius zu begrenzen, mit dem Ziel, sie auf 1,5 Grad zu beschr\u00e4nken.<br>Als k\u00f6nnte der Mensch das Klima kontrollieren, oder auch nur vorhersagen. Wir schaffen ja noch nicht mal 3 Tage Wetter ordentlich vorherzusagen.<br>Dabei erzeugt Deutschland noch nicht mal 1,5% des weltweiten CO2 Aussto\u00dfes, die Chinesen 30%, was aber auch v\u00f6llig egal ist, weil es auch fr\u00fcher schon wesentlich h\u00f6here CO2 Konzentrationen auf der Erde gegeben hat und die Welt ist auch nicht untergegangen.<br>Mit diesem &#8222;Fake&#8220; werden uns schrittweise unsere Freiheiten genommen. Man will uns vorschreiben welche Heizung wir einbauen, welche Autos wir fahren, uns immer st\u00e4rker kontrollieren, als wenn es die Aufgabe der Politik w\u00e4re uns am Ende noch vorzuschreiben was wir essen, weil die K\u00fche Klimagas furzen\u2026<br>Dabei wird unsere Industrie besch\u00e4digt und unser Wohlstand schrumpft, und daher auch die F\u00fcllh\u00f6he unseres Geldbeutels. <br>Und das ist ja erst der Anfang&#8230; <br>Die Klima- Hysteriker s\u00e4gen also auf dem wirtschaftlichen Ast, auf dem wir sitzen. Sie zerst\u00f6ren unseren hart erarbeiteten Wohlstand.<\/p>\n\n\n\n<p>Dass es w\u00e4rmer wird ist in Wahrheit doch prima. Die erh\u00f6hte Verdunstung f\u00fchrt zu mehr Regen und die W\u00fcsten werden gr\u00fcner. Wir haben Rekord Ernten auf der Welt und trotz der 8 Milliarden Menschen hungern weniger als noch vor 20 Jahren. <br>Wollen die Spinner nicht mal die offensichtlichsten Fakten anerkennen? <br>Wir sind doch nicht 8 Milliarden geworden weil wir alle verdurstet, &#8222;erschwitzt&#8220;, \u00fcberflutet und von Wirbelst\u00fcrmen weggeweht worden sind.<br>Die Klima- Hysteriker werden nur von den Eliten benutzt, um deren wahre Ziele umzusetzen. Ihre Herrschaft zu festigen und uns zu knechten. <br>Am Ende schicken uns diese Eliten in ihre Kriege, um ihre Interessen durchzusetzen. Auch dabei l\u00fcgen sie, wie es ihnen in den Kram passt. Die Medien haben sie gekauft und die Masse macht jeden Mist mit, auch wenn es im Extremfall den eigenen Tod bedeutet.<\/p>\n\n\n\n<p>Diese Klimawandel- Hysteriker sind offensichtlich v\u00f6llige Idioten.<\/p>\n<\/blockquote>\n\n\n\n<p>So weit zu den beiden Extrempositionen, die mir begegnen.<\/p>\n\n\n\n<h2 class=\"wp-block-heading\">Wer hat denn nun die Wahrheit in der Tasche?<\/h2>\n\n\n\n<p>Zwischen den beiden von mir hier beschriebenen Extrempositionen gibt es sicher noch unendlich viele Zwischenr\u00e4ume und Abstufungen, aber ich denke, es ist klar worum es mir geht &#8211; \u00fcbertrieben formuliert:<br>Wie kommen wir mit den anderen &#8222;Idioten&#8220; zusammen?<\/p>\n\n\n\n<p>Es handelt sich offensichtlich um ein komplexes und ziemlich verfahrenes Problem.<\/p>\n\n\n\n<blockquote class=\"wp-block-quote is-layout-flow wp-block-quote-is-layout-flow\">\n<p><em>Nebenbei bemerkt:<\/em><br><em>Die erfolgreichsten Strategien der Menschheitsgeschichte, um mit komplexen Problemen umzugehen liefert die Wissenschaft.<\/em><br><em>Allerdings nicht die bezahlte und abh\u00e4ngige, sondern die freie und eher selten anzutreffende &#8222;freie&#8220; Wissenschaft\u2026<\/em><br><em>Aber wir sind ja keine Wissenschaftler. Wir werden das Problem wohl in unserem Alltag l\u00f6sen m\u00fcssen &#8211; Mit Argumenten, die uns allen zur Verf\u00fcgung stehen. Daher werde ich mich hier nicht mit Pro- und Contra- Studien befassen, sondern das Thema eben mal ganz anders angehen\u2026<\/em><\/p>\n<\/blockquote>\n\n\n\n<p>Falls es Wege gibt, die extremen Positionen zur Zusammenarbeit zu bewegen, dann m\u00fcssen wir wohl gemeinsam danach suchen.<br>Wie soll das gehen, wenn man sich gegenseitig f\u00fcr bescheuert h\u00e4lt?<\/p>\n\n\n\n<p>Nun der 1. Schritt w\u00e4re dann wohl, den anderen als Gespr\u00e4chspartner auf Augenh\u00f6he, trotz unterschiedlicher Meinung zu akzeptieren.<br>Und um zu illustrieren, dass das schwierig f\u00fcr beide Seiten ist, habe ich ja gerade die Extrempositionen grob skizziert.<\/p>\n\n\n\n<p>Wir kennen also das Problem. Wie kann ich jemanden ernst nehmen, dessen Meinung ich f\u00fcr idiotisch (mindestens f\u00fcr falsch) halte?<\/p>\n\n\n\n<p>Intuitiv machen wir immer den gleichen Fehler &#8211; so zumindest meine Erfahrung &#8211; wir versuchen den anderen &#8222;aufzukl\u00e4ren&#8220;, damit er endlich dazu lernt und die Welt nach seinem Lernprozess endlich so wie ich sieht. . .<\/p>\n\n\n\n<p>Leider ist dieser intuitive Ansatz wohl ziemlich naiv, um es freundlich auszudr\u00fccken.<br>Mein Gespr\u00e4chspartner macht nat\u00fcrlich den gleichen naiven Fehler und die Gespr\u00e4che enden in Entt\u00e4uschung auf beiden Seiten, wenn es gut l\u00e4uft.<br>Ebenso kann man sich anschreien oder &#8222;auf den Mund boxen&#8220;, was aber offensichtlich auch nicht weiterhilft. <br>Nein es schadet &#8211; und es ist &#8222;im Kleinen&#8220; das, was &#8222;im Gro\u00dfen&#8220; Krieg genannt wird\u2026<\/p>\n\n\n\n<p>Auch Abstimmen &#8211; die letzte Rettung der Demokratie &#8211; l\u00f6st das Problem nicht wirklich, sondern hinterl\u00e4sst nur eine Minderheit, die \u00fcberzeugt ist, dass die &#8222;bekloppte Mehrheit&#8220; mal wieder einen Schritt in Richtung &#8222;Weltuntergang&#8220; oder mindestens &#8222;Verschlechterung der Situation&#8220; gemacht hat.<br>V\u00f6llig egal welche Seite nun gerade in der Mehrheit ist. <br>Das ist unserer Wertsch\u00e4tzung f\u00fcr die Demokratie vermutlich nicht gerade zutr\u00e4glich &#8211; und das halte ich f\u00fcr ein ziemlich gro\u00dfes Problem\u2026<\/p>\n\n\n\n<p>So, oder so \u00e4hnlich, l\u00e4uft das wohl schon seit es Menschen gibt &#8211; und wir leben immer noch &#8211; und sind so viele wie noch nie zuvor und es geht uns so gut wie noch nie zuvor &#8211; zumindest uns hier, die nicht in einem Kriegsgebiet oder einem Entwicklungsland leben und ein stabiles Stromnetz und stabile Wasserversorgung und ein soziales Gesundheitssystem usw. haben\u2026<br>Irgendwas an unserer &#8222;Weltuntergangsstimmung&#8220; k\u00f6nnte ja vielleicht falsch sein. Aber was?<\/p>\n\n\n\n<p>Das was am n\u00e4chsten an den Weltuntergang herankommt ist wohl der Krieg.<br>Wenn wir den vermeiden k\u00f6nnten, w\u00e4re das sicherlich die halbe Miete.<br>Das ist uns allerdings bisher weltweit und historisch betrachtet noch nicht so recht gelungen.<br>Krieg ist eine <strong>reale und konkrete<\/strong> Gefahr, deren Ausma\u00df wir zu Recht f\u00fcrchten sollten.<br>Alle anderen Gefahren sind kleiner, oder unwahrscheinlicher. (Ein echter Weltuntergang, durch einen gro\u00dfen Meteoriteneinschlag w\u00e4re eine riesige Gefahr, aber eben gl\u00fccklicherweise sehr unwahrscheinlich\u2026)<\/p>\n\n\n\n<p>Und dieser Grundgedanke bringt uns der L\u00f6sung unseres Problems vielleicht n\u00e4her:<\/p>\n\n\n\n<h2 class=\"wp-block-heading\">Eine m\u00f6gliche L\u00f6sung?<\/h2>\n\n\n\n<p>Wie w\u00e4re es, wenn wir mit den anderen Idioten vereinbaren <strong>konkrete Probleme<\/strong> zu l\u00f6sen, anstatt uns gegenseitig zu \u00fcberzeugen bef\u00fcrchtete Probleme zu verhindern, die aus unseren unterschiedlichen Sichtweisen resultieren?<br>Klingt das komisch f\u00fcr Sie?<\/p>\n\n\n\n<p>Um das auf einem v\u00f6llig anderen Gebiet noch etwas zu verdeutlichen &#8211; was ist wichtiger?<\/p>\n\n\n\n<ul class=\"wp-block-list\">\n<li>Zum Arzt gehen, wenn ich mir den Arm gebrochen habe, oder einen Herzinfarkt habe, oder sonst irgendeine Krankheit, die mich im Hier und Jetzt ernsthaft bedroht?<\/li>\n\n\n\n<li>Oder mich gesund ern\u00e4hren, damit ich niemals einen Herzinfarkt bekomme, oder Diabetes, oder Krebs, oder eine Infektion, oder sonst was.<\/li>\n<\/ul>\n\n\n\n<p>Wenn Sie beide Punkte f\u00fcr gleich wichtig halten, dann warten Sie, bis sie sich einen Arm gebrochen haben und stellen Sie sich die Frage nochmal\u2026<\/p>\n\n\n\n<p>Es d\u00fcrfte klar sein, dass ich das L\u00f6sen konkreter Probleme f\u00fcr wichtiger halte, als die Pr\u00e4vention von viel sp\u00e4ter, oder auch nur vielleicht eines Tages eintretenden Problemen.<br>Denn das Problem mit Voraussagen ist, dass sie recht schwierig sind, besonders wenn sie die Zukunft betreffen\u2026<\/p>\n\n\n\n<blockquote class=\"wp-block-quote is-layout-flow wp-block-quote-is-layout-flow\">\n<p><em>(Das Zitat \u201eVoraussagen sind schwierig, besonders wenn sie die Zukunft betreffen\u201c wird <strong>Yogi Berra<\/strong> zugeschrieben, einem ber\u00fchmten amerikanischen Baseballspieler und -trainer. Es betont die Unsicherheit der Zukunft und die Schwierigkeiten beim Treffen von Vorhersagen und das gilt besonders auch f\u00fcr Wissenschaftler\u2026)<\/em><\/p>\n<\/blockquote>\n\n\n\n<p>Wenn Sie keine konkreten Probleme erkennen k\u00f6nnen, oder nach dem L\u00f6sen Ihrer konkreten Probleme noch Zeit \u00fcbrig haben, dann k\u00f6nnen und sollten Sie sich den Luxus g\u00f6nnen, sich mit Pr\u00e4vention zu befassen.<br>Tun Sie das gerne, aber zwingen Sie nicht andere, die sich noch mit konkreten Problemen herumschlagen, sich mit Ihrem &#8222;Luxusproblem&#8220; zu befassen.<\/p>\n\n\n\n<p>Ich sage also keineswegs, dass Pr\u00e4vention falsch ist, aber sie hat nun mal nicht die <strong>erste<\/strong> Priorit\u00e4t. Vor allem dann nicht, wenn es noch konkrete Probleme gibt, die unserer Aufmerksamkeit bed\u00fcrfen. <\/p>\n\n\n\n<p>Fahren sie in die Ukraine, zu jemandem dessen Haus gerade weggebombt wurde und erkl\u00e4ren ihm, dass er seinen CO2 Fu\u00dfabdruck senken soll, oder erkl\u00e4ren Sie ihm, dass Al Gore mit seiner Hockeystick Grafik geflunkert hat?<br>Wohl kaum.<\/p>\n\n\n\n<p>Ich habe am Anfang geschrieben: &#8222;F\u00fcr viele B\u00fcrger ist der Klimawandel ein zentrales Thema. &#8222;<br>Das gilt vermutlich nicht f\u00fcr viele B\u00fcrger in den (zu zahlreichen) Kriegsgebieten, oder?<\/p>\n\n\n\n<p>Nun muss ich mir wohl auf den ersten Blick den Vorwurf gefallen lassen, dass ich vom selbst gew\u00e4hlten Thema abgelenkt habe.<br>In der \u00dcberschrift steht was vom Klimawandel und im Text schreibt er was vom Krieg\u2026<br>Ich habe hier aber nur ein extremes Beispiel gew\u00e4hlt, weil ich meinen Grundgedanken verdeutlichen wollte:<\/p>\n\n\n\n<p>Wir haben jede Menge ganz <strong>konkrete Probleme <\/strong>im Hier und Jetzt. Konzentrieren wir uns doch <strong>zuerst<\/strong> auf die, die wir relativ leicht l\u00f6sen k\u00f6nnen.<br>Und das sind die, auf die wir uns mit gro\u00dfen Mehrheiten einigen k\u00f6nnen.<\/p>\n\n\n\n<p>In Bezug auf den Klimawandel, liefert f\u00fcr diesen Gedanken die besten Ideen nach meiner Meinung <strong>Bj\u00f6rn Lomborg<\/strong>.<br>Da er in Deutschland weitgehend unbekannt ist, werde ich seine Perspektiven zum Klimawandel in meinem n\u00e4chsten Artikel n\u00e4her beleuchten. <br>Er glaubt \u00fcbrigens an den menschengemachten Klimawandel, aber das sollte Menschen mit anderer Meinung nicht davon abhalten sich mit seinen Argumenten zu befassen.<\/p>\n\n\n\n<p>Er konzentriert sich auf realistische L\u00f6sungen konkreter Probleme.<br>Ob er dabei glaubt, dass der Klimawandel von uns Menschen verursacht wird, oder nicht, ist f\u00fcr die L\u00f6sungen, die er vorschl\u00e4gt <strong>v\u00f6llig egal.<\/strong><br>Und damit k\u00f6nnten wir dem Streit um den Klimawandel die Sch\u00e4rfe nehmen und zu mehr Miteinander bei der L\u00f6sung der Probleme, vor die uns der Klimawandel durchaus stellt, kommen.<\/p>\n\n\n\n<p>Und so ist es \u00fcbrigens mit vielen unserer Vorstellungen \u00fcber die Welt:<br>Sie sind f\u00fcr unseren Umgang mit den konkreten Problemen meist v\u00f6llig unwichtig und wir verschwenden dennoch viel unserer kostbaren Zeit darauf andere vermeintliche &#8222;Idioten&#8220; davon zu \u00fcberzeugen, dass sie sich mit einem unproduktivem Streit befassen m\u00fcssen, anstatt gemeinsam an L\u00f6sungen zu arbeiten.<\/p>\n\n\n\n<h2 class=\"wp-block-heading\">In wenigen S\u00e4tzen zusammengefasst:<\/h2>\n\n\n\n<p>Es ist egal, ob der Klimawandel mehr, oder weniger, oder ganz oder gar nicht vom Menschen verursacht wird.<br>Wozu darum streiten?<br>Wenn es w\u00e4rmer wird und uns das Probleme macht, dann m\u00fcssen wir sie doch sowieso l\u00f6sen. <\/p>\n\n\n\n<p>Also schauen wir uns unsere konkreten Probleme an und reden dar\u00fcber, wie wir sie m\u00f6glichst effizient l\u00f6sen k\u00f6nnen.<br>Wenn das kein Ausgangspunkt ist, der uns verbinden kann, anstatt zu streiten, dann wei\u00df ich auch nicht weiter.<\/p>\n","protected":false},"excerpt":{"rendered":"<p>Der Ausgangspunkt des Problems F\u00fcr viele B\u00fcrger ist der Klimawandel ein zentrales Thema.Und wie bei allen Themen, die den Menschen wichtig sind, gibt es unterschiedliche Meinungen dazu und es wird heftig gestritten. In Schriesheim wird das aktuell durch den B\u00fcrgerentscheid mal wieder verst\u00e4rkt.Wenn ich mit Menschen in&#8217;s Gespr\u00e4ch komme, die sich f\u00fcr die Windr\u00e4der im &hellip; <a href=\"https:\/\/bernauers.de\/historisches\/2025\/10\/09\/streit-um-klimawandel\/\" class=\"more-link\"><span class=\"screen-reader-text\">Streit um Klimawandel?<\/span> weiterlesen <span class=\"meta-nav\">&rarr;<\/span><\/a><\/p>\n","protected":false},"author":1,"featured_media":0,"comment_status":"open","ping_status":"open","sticky":false,"template":"","format":"standard","meta":{"footnotes":""},"categories":[1],"tags":[],"class_list":["post-2539","post","type-post","status-publish","format-standard","hentry","category-allgemein"],"_links":{"self":[{"href":"https:\/\/bernauers.de\/historisches\/wp-json\/wp\/v2\/posts\/2539","targetHints":{"allow":["GET"]}}],"collection":[{"href":"https:\/\/bernauers.de\/historisches\/wp-json\/wp\/v2\/posts"}],"about":[{"href":"https:\/\/bernauers.de\/historisches\/wp-json\/wp\/v2\/types\/post"}],"author":[{"embeddable":true,"href":"https:\/\/bernauers.de\/historisches\/wp-json\/wp\/v2\/users\/1"}],"replies":[{"embeddable":true,"href":"https:\/\/bernauers.de\/historisches\/wp-json\/wp\/v2\/comments?post=2539"}],"version-history":[{"count":20,"href":"https:\/\/bernauers.de\/historisches\/wp-json\/wp\/v2\/posts\/2539\/revisions"}],"predecessor-version":[{"id":2587,"href":"https:\/\/bernauers.de\/historisches\/wp-json\/wp\/v2\/posts\/2539\/revisions\/2587"}],"wp:attachment":[{"href":"https:\/\/bernauers.de\/historisches\/wp-json\/wp\/v2\/media?parent=2539"}],"wp:term":[{"taxonomy":"category","embeddable":true,"href":"https:\/\/bernauers.de\/historisches\/wp-json\/wp\/v2\/categories?post=2539"},{"taxonomy":"post_tag","embeddable":true,"href":"https:\/\/bernauers.de\/historisches\/wp-json\/wp\/v2\/tags?post=2539"}],"curies":[{"name":"wp","href":"https:\/\/api.w.org\/{rel}","templated":true}]}}