{"id":2461,"date":"2025-10-03T14:49:56","date_gmt":"2025-10-03T12:49:56","guid":{"rendered":"https:\/\/bernauers.de\/historisches\/?p=2461"},"modified":"2025-10-15T11:12:41","modified_gmt":"2025-10-15T09:12:41","slug":"ueber-windraeder-komplexitaet-und-demokratie","status":"publish","type":"post","link":"https:\/\/bernauers.de\/historisches\/2025\/10\/03\/ueber-windraeder-komplexitaet-und-demokratie\/","title":{"rendered":"\u00dcber Windr\u00e4der, Komplexit\u00e4t und Demokratie"},"content":{"rendered":"\n<p>Aktuell besch\u00e4ftigt mich das Thema der Windr\u00e4der im Schriesheimer Wald. <br>K\u00fcrzlich war ich auf dem Schriesheimer Markt und habe einige Gespr\u00e4che am Stand der B\u00fcrgerinitiative Gegenwind Bergstra\u00dfe e.V. mit interessierten B\u00fcrgern gef\u00fchrt. <br>Es steht ein B\u00fcrgerentscheid zu diesem Thema am 09.11.2025 an. <br>Wer mit JA beim B\u00fcrgerentscheid stimmt, sagt NEIN zu den Windr\u00e4dern im Schriesheimer Wald. <\/p>\n\n\n\n<p>Das hier ist ein stark strukturierter Beitrag, sonst verliert man (sowohl beim Schreiben, als auch beim Lesen schnell den \u00dcberblick). <br>Jedes Kapitel kann leicht &#8222;auf- und auch wieder zugeklickt&#8220; werden. Ich hoffe, das erleichtert das Lesen. <\/p>\n\n\n\n<div class=\"custom-css-block\"><style>#aab_accordion_674ae99a_1 {  }<\/style><\/div><div class=\"wp-block-aab-accordion-block aab__accordion_container  accessibilityOn\" style=\"margin-top:0px;margin-bottom:15px;border:1px solid #bcb6b638\" id=\"aab_accordion_674ae99a_1\" role=\"button\" aria-expanded=\"false\" tabindex=\"0\"><div class=\"aab__accordion_head aab_right_icon \" style=\"background-color:#bcb6b638;border-top:none;border-right:none;border-bottom:none;border-left:none\"><div class=\"aab__accordion_heading aab_right_icon aab_right_link\"><div class=\"head_content_wrapper\"><div class=\"title_wrapper\"><h5 class=\"aab__accordion_title\" style=\"margin:0\">Ausf\u00fchrliche Einleitung<\/h5><\/div><\/div><\/div><div class=\"aab__accordion_icon\" style=\"border:0px solid transparent\"><span class=\"aab__icon dashicons dashicons-plus-alt2\" style=\"font-size:23px\"><\/span><\/div><\/div><div class=\"aab__accordion_body  \" role=\"region\" style=\"display:none;border-top:1px solid #bcb6b638;border-right:none;border-bottom:none;border-left:none\"><div class=\"aab__accordion_component\">\n<p>Dass ich einer derjenigen bin, die mit JA stimmen werden, d\u00fcrfte nur wenige \u00fcberraschen. Wer das Mitteilungsblatt liest, oder die BgS auf Facebook verfolgt, oder sich schon mal mit mir \u00fcber das Thema unterhalten hat, dem ist das klar.<\/p>\n\n\n\n<p>Weshalb ich aber zu dieser Entscheidung gekommen bin, ist tats\u00e4chlich nicht so einfach zu erkl\u00e4ren, denn die Gr\u00fcnde sind vielf\u00e4ltig und teilweise sehr komplex. Es war ein jahrelanger Prozess und ich kann das alles nicht einfach in einem kurzen Gespr\u00e4ch und auch mit keinem schriftlichen Beitrag hier ausreichend darstellen. <br>Ich habe eine gro\u00dfe Menge guter Gr\u00fcnde f\u00fcr meine Entscheidung.<br>Wer allerdings glaubt ich sei den &#8222;rechten Populisten auf den Leim gegangen&#8220;, der glaubt vermutlich auch noch an den Osterhasen&#8230;<br>Unsere menschliche Neigung es lieber einfach als kompliziert haben zu wollen, kann uns leider leicht in die Irre f\u00fchren. <\/p>\n\n\n\n<p>Das gilt nat\u00fcrlich nicht nur f\u00fcr das Thema Windr\u00e4der, sondern f\u00fcr alle komplexen Themen und davon gibt es viele.<br>Und das wirft f\u00fcr mich erst mal 2 grunds\u00e4tzliche Fragen auf, die mich interessieren, bevor ich mich n\u00e4her mit den Windr\u00e4dern in Schriesheim befassen will :<\/p>\n\n\n\n<ol class=\"wp-block-list\">\n<li>Wie erkl\u00e4re ich meine Meinung, wenn das ein Buch erfordern w\u00fcrde?<\/li>\n\n\n\n<li>Wie k\u00f6nnen wir uns als B\u00fcrger mit einer Vielzahl von Themen, von denen viele recht kompliziert sind, in der uns zur Verf\u00fcgung stehenden knappen Zeit, angemessen auseinandersetzen?<\/li>\n<\/ol>\n\n\n\n<div class=\"custom-css-block\"><style>#aab_accordion_ec003102_3 {  }<\/style><\/div><div class=\"wp-block-aab-accordion-block aab__accordion_container  accessibilityOn\" style=\"margin-top:0px;margin-bottom:15px;border:1px solid #bcb6b638\" id=\"aab_accordion_ec003102_3\" role=\"button\" aria-expanded=\"false\" tabindex=\"0\"><div class=\"aab__accordion_head aab_right_icon \" style=\"background-color:#bcb6b638;border-top:none;border-right:none;border-bottom:none;border-left:none\"><div class=\"aab__accordion_heading aab_right_icon aab_right_link\"><div class=\"head_content_wrapper\"><div class=\"title_wrapper\"><h5 class=\"aab__accordion_title\" style=\"margin:0\">2 m\u00f6gliche Antworten zur 1. Frage:<\/h5><\/div><\/div><\/div><div class=\"aab__accordion_icon\" style=\"border:0px solid transparent\"><span class=\"aab__icon dashicons dashicons-plus-alt2\" style=\"font-size:23px\"><\/span><\/div><\/div><div class=\"aab__accordion_body  \" role=\"region\" style=\"display:none;border-top:1px solid #bcb6b638;border-right:none;border-bottom:none;border-left:none\"><div class=\"aab__accordion_component\">\n<p>Die erste Frage ist ganz pragmatisch leicht zu beantworten: <br>Ich erkl\u00e4re meine Meinung gar nicht, denn ich hab&#8216; ja nicht die Zeit ein Buch zu schreiben. Schon f\u00fcr diesen kurzen Artikel, der nur an der Oberfl\u00e4che kratzt, schneide ich mir Zeit &#8222;aus den Rippen&#8220;.<\/p>\n\n\n\n<p>Eine andere m\u00f6gliche Antwort w\u00e4re: <br>Ich treffe eine Auswahl und erkl\u00e4re meine Meinung nur unzureichend.<\/p>\n\n\n\n<p>Auf meinem Blog hab&#8216; ich bisher die erste M\u00f6glichkeit gew\u00e4hlt und gar nix dazu geschrieben. <br>Mit diesem Artikel \u00e4ndere ich das und erkl\u00e4re eine <strong>winzige<\/strong> <strong>Auswahl<\/strong>, die ehrlich gesagt keinen der f\u00fcr mich wichtigsten Punkte beinhaltet. <br>Ich orientiere mich hier an den Begegnungen, die ich auf dem Markt in Schriesheim gemacht habe und reagiere auf die Gespr\u00e4che, die ich hatte.  <br><\/p>\n<\/div><\/div><\/div>\n\n\n\n<div class=\"custom-css-block\"><style>#aab_accordion_69a845f5_5 {  }<\/style><\/div><div class=\"wp-block-aab-accordion-block aab__accordion_container  accessibilityOn\" style=\"margin-top:0px;margin-bottom:15px;border:1px solid #bcb6b638\" id=\"aab_accordion_69a845f5_5\" role=\"button\" aria-expanded=\"false\" tabindex=\"0\"><div class=\"aab__accordion_head aab_right_icon \" style=\"background-color:#bcb6b638;border-top:none;border-right:none;border-bottom:none;border-left:none\"><div class=\"aab__accordion_heading aab_right_icon aab_right_link\"><div class=\"head_content_wrapper\"><div class=\"title_wrapper\"><h5 class=\"aab__accordion_title\" style=\"margin:0\">Antwort auf die 2. Frage &#8211; Kurzversion:<\/h5><\/div><\/div><\/div><div class=\"aab__accordion_icon\" style=\"border:0px solid transparent\"><span class=\"aab__icon dashicons dashicons-plus-alt2\" style=\"font-size:23px\"><\/span><\/div><\/div><div class=\"aab__accordion_body  \" role=\"region\" style=\"display:none;border-top:1px solid #bcb6b638;border-right:none;border-bottom:none;border-left:none\"><div class=\"aab__accordion_component\">\n<p>Wie bilden wir uns eine Meinung zu komplizierten Themen? <\/p>\n\n\n\n<p>Die Demokratie stellt hier anscheinend ziemlich hohe Anforderungen an uns. Wie wir dieses Problem l\u00f6sen k\u00f6nnen, dar\u00fcber hab&#8216; ich mich schon des \u00f6fteren ausgelassen und will das hier nicht zu sehr vertiefen. <br>Nur ein Satz dazu: <br>Alleine geht es nicht, aber gemeinsam schon&#8230;<\/p>\n\n\n\n<p>Aber wie sollen wir zusammen kommen, wenn manche glauben, unser \u00dcberleben hinge vom Bau von Windr\u00e4dern im Schriesheimer Wald ab und andere dagegen glauben, dass diese Windr\u00e4der das Ende der menschlichen Zivilisation einl\u00e4uten? <br>Gut, ich habe jetzt auf beiden Seiten des Meinungsspektrums ordentlich \u00fcbertrieben, aber emotional wird die Diskussion doch oft so hart und unvers\u00f6hnlich gef\u00fchrt, dass man glauben k\u00f6nnte, die Mitmenschen seien in 2 unvers\u00f6hnliche Lager gespalten. Und das schon bei so einem &#8222;Mini- Thema&#8220; wie den paar Windr\u00e4dern in Schriesheim&#8230;<\/p>\n\n\n\n<p>Da lohnt es sich ein gemeinsames Fundament zu haben, von dem man zumindest hoffen kann auch mit den &#8222;h\u00e4rtesten Meinungsgegnern&#8220; eine belastbare Ausgangsbasis zu haben. <\/p>\n\n\n\n<div class=\"custom-css-block\"><style>#aab_accordion_8dd21290_7 {  }<\/style><\/div><div class=\"wp-block-aab-accordion-block aab__accordion_container  accessibilityOn\" style=\"margin-top:0px;margin-bottom:15px;border:1px solid #bcb6b638\" id=\"aab_accordion_8dd21290_7\" role=\"button\" aria-expanded=\"false\" tabindex=\"0\"><div class=\"aab__accordion_head aab_right_icon \" style=\"background-color:#bcb6b638;border-top:none;border-right:none;border-bottom:none;border-left:none\"><div class=\"aab__accordion_heading aab_right_icon aab_right_link\"><div class=\"head_content_wrapper\"><div class=\"title_wrapper\"><h5 class=\"aab__accordion_title\" style=\"margin:0\">Mein Vorschlag zum gemeinsamen Fundament:<\/h5><\/div><\/div><\/div><div class=\"aab__accordion_icon\" style=\"border:0px solid transparent\"><span class=\"aab__icon dashicons dashicons-plus-alt2\" style=\"font-size:23px\"><\/span><\/div><\/div><div class=\"aab__accordion_body  \" role=\"region\" style=\"display:none;border-top:1px solid #bcb6b638;border-right:none;border-bottom:none;border-left:none\"><div class=\"aab__accordion_component\">\n<p>An welchen Stellen bin ich eigentlich selbst unvers\u00f6hnlich und fest wie ein Fels in der Brandung, oder stur wie ein Esel &#8211; wie auch immer Sie das empfinden&#8230;<\/p>\n\n\n\n<p>Meine Kernpunkte, die ich nicht aufgeben werde:<\/p>\n\n\n\n<ul class=\"wp-block-list\">\n<li>Es gilt die Meinungsfreiheit hochzuhalten. Grundgesetz Art. 5.<\/li>\n\n\n\n<li>Daraus resultieren immer Meinungsunterschiede. <br>Die Frage, wie wir mit diesen umgehen, ist entscheidend f\u00fcr eine funktionierende Demokratie. <\/li>\n\n\n\n<li>Es gibt immer unvers\u00f6hnliche und sture, aber es gibt auch immer viele Unentschiedene, die allen Seiten offen gegen\u00fcber stehen. <br>Sie sind h\u00e4ufig diejenigen, die bei einem Thema die Entscheidung herbei f\u00fchren. <\/li>\n\n\n\n<li>Wir alle sollten unsere Meinungen m\u00f6glichst gut <strong>begr\u00fcnden<\/strong>, so haben wir alle eine gute Basis f\u00fcr unsere weitere Meinungsbildung.<\/li>\n<\/ul>\n\n\n\n<p>Auf diesen Kerngedanken m\u00f6chte ich hier aufbauen. <\/p>\n\n\n\n<p>Ein weiterer Punkt sollte meines Erachtens ebenfalls immer beachtet werden: <\/p>\n\n\n\n<h2 class=\"wp-block-heading\">Irren ist menschlich<\/h2>\n\n\n\n<p>&#8230; und da wir alle Menschen sind, gilt das eben f\u00fcr uns alle. <\/p>\n\n\n\n<p>Da irren menschlich ist, kann ich niemandem ver\u00fcbeln, wenn er mir etwas Irref\u00fchrendes erz\u00e4hlt. Es sei denn, er tut das absichtlich. <br>Ich werde hier versuchen das niemandem zu unterstellen, aber ich m\u00f6chte mich in diesem Beitrag mit ein paar Beispielen daf\u00fcr befassen, die mir beim Thema Windr\u00e4der im Schriesheimer Wald k\u00fcrzlich begegnet sind.<\/p>\n<\/div><\/div><\/div>\n\n\n\n<p>Also los:<\/p>\n<\/div><\/div><\/div>\n<\/div><\/div><\/div>\n\n\n\n<div class=\"custom-css-block\"><style>#aab_accordion_d0382dd7_9 {  }<\/style><\/div><div class=\"wp-block-aab-accordion-block aab__accordion_container  accessibilityOn\" style=\"margin-top:0px;margin-bottom:15px;border:1px solid #bcb6b638\" id=\"aab_accordion_d0382dd7_9\" role=\"button\" aria-expanded=\"false\" tabindex=\"0\"><div class=\"aab__accordion_head aab_right_icon \" style=\"background-color:#bcb6b638;border-top:none;border-right:none;border-bottom:none;border-left:none\"><div class=\"aab__accordion_heading aab_right_icon aab_right_link\"><div class=\"head_content_wrapper\"><div class=\"title_wrapper\"><h5 class=\"aab__accordion_title\" style=\"margin:0\">Ein Gespr\u00e4ch \u00fcber Chinas Windr\u00e4der<\/h5><\/div><\/div><\/div><div class=\"aab__accordion_icon\" style=\"border:0px solid transparent\"><span class=\"aab__icon dashicons dashicons-plus-alt2\" style=\"font-size:23px\"><\/span><\/div><\/div><div class=\"aab__accordion_body  \" role=\"region\" style=\"display:none;border-top:1px solid #bcb6b638;border-right:none;border-bottom:none;border-left:none\"><div class=\"aab__accordion_component\">\n<p>Ich habe schon des \u00f6fteren geh\u00f6rt, China sei irgendwie ein gutes Beispiel daf\u00fcr, dass die Energiewende funktioniere. Ich kann das aus vielen Gr\u00fcnden nicht nachvollziehen. Hier w\u00e4hle ich nur beispielhaft einen aus dem genannten Gespr\u00e4ch aus, bei dem es mir mal wieder so erscheint, als ob mir erkennbar falsche Dinge erz\u00e4hlt werden.<br><br>Und ich kann es nun wirklich nicht leiden, wenn mir erkennbar falsche Dinge erz\u00e4hlt werden, um meine Meinung zu beeinflussen.<\/p>\n\n\n\n<p>Inspiriert hat mich das ziemlich unvers\u00f6hnlich endende Gespr\u00e4ch mit einem Bef\u00fcrworter der Windr\u00e4der. <br>Der Bef\u00fcrworter behauptete A, ich behauptete B. <br>Beides kann aber nicht gleichzeitig richtig sein. <br>Was ist die Datengrundlage f\u00fcr unsere so unterschiedlichen Meinungen? <br>Im Gespr\u00e4ch war es nicht zu schaffen das darzulegen &#8211; ich kam gar nicht ausreichend zu Wort (das w\u00fcrde er vermutlich auch behaupten). <br>Jedenfalls liefere ich jetzt hier nach und versuche die hoffentlich gemeinsame Datengrundlage zu finden und genauer anzuschauen.<\/p>\n\n\n\n<div class=\"custom-css-block\"><style>#aab_accordion_39743acd_11 {  }<\/style><\/div><div class=\"wp-block-aab-accordion-block aab__accordion_container  accessibilityOn\" style=\"margin-top:0px;margin-bottom:15px;border:1px solid #bcb6b638\" id=\"aab_accordion_39743acd_11\" role=\"button\" aria-expanded=\"false\" tabindex=\"0\"><div class=\"aab__accordion_head aab_right_icon \" style=\"background-color:#bcb6b638;border-top:none;border-right:none;border-bottom:none;border-left:none\"><div class=\"aab__accordion_heading aab_right_icon aab_right_link\"><div class=\"head_content_wrapper\"><div class=\"title_wrapper\"><h5 class=\"aab__accordion_title\" style=\"margin:0\">China reduziert seinen CO2 Aussto\u00df\u2026<\/h5><\/div><\/div><\/div><div class=\"aab__accordion_icon\" style=\"border:0px solid transparent\"><span class=\"aab__icon dashicons dashicons-plus-alt2\" style=\"font-size:23px\"><\/span><\/div><\/div><div class=\"aab__accordion_body  \" role=\"region\" style=\"display:none;border-top:1px solid #bcb6b638;border-right:none;border-bottom:none;border-left:none\"><div class=\"aab__accordion_component\">\n<p>&#8230; erkl\u00e4rte mir der Bef\u00fcrworter der Windr\u00e4der im Schriesheimer Wald auf dem Markt am Samstag, den 20.09.2025.<br>Ich war bisher immer anderer Meinung gewesen. <br>Ich dachte immer, dass China, trotz seiner enormen Investitionen in erneuerbare Energien, seinen CO2 Aussto\u00df erh\u00f6ht habe.<\/p>\n\n\n\n<p>Irren ist menschlich und ich bin bekanntlich auch ein Mensch.<br>Daher habe ich im Nachgang an das Gespr\u00e4ch noch einmal \u00fcberpr\u00fcft, ob meine Meinung haltbar ist, oder ob vielleicht mein Gespr\u00e4chspartner doch irgendwie Recht hat.<br><br>Also rein in&#8217;s Internet: <br>Dort habe ich mich ein wenig auf de.statista.com umgeschaut, weil das eine Online-Plattform f\u00fcr Statistiken ist, die mit<\/p>\n\n\n\n<ul class=\"wp-block-list\">\n<li>dem Statistischen Bundesamt<\/li>\n\n\n\n<li>dem Institut f\u00fcr Demoskopie Allensbach<\/li>\n\n\n\n<li>der OECD<\/li>\n\n\n\n<li>dem Deutsches Institut f\u00fcr Wirtschaftsforschung<\/li>\n\n\n\n<li>und anderen zusammenarbeitet.<\/li>\n<\/ul>\n\n\n\n<p>Ich denke diese Quelle sollte sowohl f\u00fcr Bef\u00fcrworter, als auch f\u00fcr Gegner der Windr\u00e4der in Schriesheim eine akzeptable Datenbasis darstellen.<\/p>\n\n\n\n<p>Dort finde ich folgende Ver\u00f6ffentlichung von 2025 zum CO2 Aussto\u00df von China:<\/p>\n\n\n\n<figure class=\"wp-block-image size-full\"><img loading=\"lazy\" decoding=\"async\" width=\"807\" height=\"675\" src=\"https:\/\/bernauers.de\/historisches\/wp-content\/uploads\/sites\/2\/2025\/09\/Pasted-image-20250921145053.png\" alt=\"\" class=\"wp-image-2462\" srcset=\"https:\/\/bernauers.de\/historisches\/wp-content\/uploads\/sites\/2\/2025\/09\/Pasted-image-20250921145053.png 807w, https:\/\/bernauers.de\/historisches\/wp-content\/uploads\/sites\/2\/2025\/09\/Pasted-image-20250921145053-300x251.png 300w, https:\/\/bernauers.de\/historisches\/wp-content\/uploads\/sites\/2\/2025\/09\/Pasted-image-20250921145053-768x642.png 768w\" sizes=\"auto, (max-width: 807px) 100vw, 807px\" \/><\/figure>\n\n\n\n<p>(Hinweis: Das Zoomen der Statistik funktioniert hier nicht &#8211; daf\u00fcr m\u00fcssen Sie zur Original- Quelle) <br>Hier geht es zur Quelle, f\u00fcr die, die das nachschauen wollen und mir nicht einfach alles glauben: <br><a href=\"https:\/\/de.statista.com\/statistik\/daten\/studie\/1381466\/umfrage\/entwicklung-der-co2-emissionen-in-china\/\">https:\/\/de.statista.com\/statistik\/daten\/studie\/1381466\/umfrage\/entwicklung-der-co2-emissionen-in-china\/<\/a><\/p>\n\n\n\n<p>Nun, da k\u00f6nnte ich ja aufh\u00f6ren und sagen: &#8222;Ok, mein Gespr\u00e4chspartner war schlecht informiert und h\u00e4tte mich doch beinahe in die Irre gef\u00fchrt.&#8220;<\/p>\n\n\n\n<p>Aber so einfach m\u00f6chte ich es mir nicht machen, denn ich habe ja auch andere Informationen im Netz gefunden und DeStatis zeigt ja nur Daten bis 2023 an. <br>Ich vermute, dass neuere verl\u00e4ssliche Daten zum Zeitpunkt der Ver\u00f6ffentlichung (2025) noch nicht verf\u00fcgbar waren. <br>Aber vielleicht ist ja die Quelle von NTV aktueller. <\/p>\n\n\n\n<h2 class=\"wp-block-heading\">NTV<\/h2>\n\n\n\n<p>NTV stellt die Frage: Hat China den CO2- Zenit \u00fcberschritten? (Nun ja, keine Behauptung, sondern eine Frage&#8230;):<\/p>\n\n\n\n<p><a href=\"https:\/\/www.n-tv.de\/wissen\/Hat-China-den-CO2-Zenit-ueberschritten-article25895583.html\">https:\/\/www.n-tv.de\/wissen\/Hat-China-den-CO2-Zenit-ueberschritten-article25895583.html<\/a><\/p>\n\n\n\n<blockquote class=\"wp-block-quote is-layout-flow wp-block-quote-is-layout-flow\">\n<p><strong>China, gr\u00f6\u00dfter CO2-Emittent der Welt, verzeichnet laut einer Analyse erstmals einen R\u00fcckgang seines Aussto\u00dfes. Der massive Ausbau Erneuerbarer Energien und eine zunehmende Elektrifizierung sollen daf\u00fcr verantwortlich sein. Doch der Trend bleibt fragil.<\/strong><\/p>\n<\/blockquote>\n\n\n\n<p>Wie ich schon erw\u00e4hnt habe, kann ich es nicht leiden, wenn mir erkennbar falsche Dinge erz\u00e4hlt werden. <br>Die obige Grafik zeigt klar erkennbar, dass es schon 2014 beginnend, einen 2 Jahre dauernden R\u00fcckgang der CO2 Emissionen in China gab. <br>Also das W\u00f6rtchen &#8222;erstmals&#8220; k\u00f6nnen wir aus dem Artikel dieses &#8222;Qualit\u00e4tsmediums&#8220; schon mal streichen. <br>Dieser <strong>Trend<\/strong> war jedoch offensichtlich auch damals schon ziemlich fragil, denn seitdem sind Chinas Emissionen ja wieder ordentlich gestiegen&#8230;<\/p>\n\n\n\n<p>Aber das hier ist ja auch ein Beitrag \u00fcber Komplexit\u00e4t (falls Sie sich noch an die \u00dcberschrift erinnern) und ich will ja wenigstens ernst nehmen was ich selbst schreibe und es mir nicht zu einfach machen&#8230;<br>NTV schreibt weiter: <\/p>\n\n\n\n<p><\/p>\n\n\n\n<blockquote class=\"wp-block-quote is-layout-flow wp-block-quote-is-layout-flow\">\n<p>einer Analyse der britischen Recherche-Plattform Carbon Brief zufolge <strong>k\u00f6nnte<\/strong> sich der Blick auf die Volksrepublik wandeln. Demnach hat China <strong>im ersten Quartal<\/strong> 2025 <strong>erstmals<\/strong> weniger CO2 ausgesto\u00dfen als in den Monaten zuvor. Und das <strong>bei anhaltend stabiler Konjunktur.<\/strong><\/p>\n<\/blockquote>\n\n\n\n<p><strong>K\u00f6nnte<\/strong> &#8211; aha, vielleicht auch nicht. <br><strong>im ersten Quartal <\/strong>&#8211; ich komme mir &#8222;ver\u00e4ppelt&#8220; vor, wir hatten 2014 einen 2 Jahre (also 8 Quartale) andauernden &#8222;Trend&#8220;, der nicht nachhaltig war und jetzt berichtet NTV von einem Quartal? <\/p>\n\n\n\n<p>Also schauen wir etwas genauer in den Artikel von NTV, (Hervorhebungen von mir): <br><strong>erstmals<\/strong> &#8211; das haben die Daten ja schon als falsch entlarvt&#8230;<br><strong>bei anhaltend stabiler Konjunktur <\/strong>&#8211; aha, vielleicht mache ich einen Denkfehler. Vielleicht war der R\u00fcckgang 2014 ja nur durch eine schwache Konjunktur bedingt. Jetzt haben wir aber, so der Artikel, eine &#8222;anhaltend stabile Konjunktur&#8220;. <br>Das macht es etwas komplexer, aber wir lassen uns davon nat\u00fcrlich nicht abschrecken uns das genauer anzuschauen&#8230; <br>NTV erkl\u00e4rt (Hervorhebungen wieder von mir):<\/p>\n\n\n\n<p>Der Autor der Analyse, Lauri Myllyvirta, Mitbegr\u00fcnder des Thinktanks Centre for Research on Energy and Clean Air (CREA), spricht daher von einem <strong>m\u00f6glicherweise<\/strong> &#8222;strukturellen R\u00fcckgang&#8220;, der <strong>nicht<\/strong> auf <strong>wirtschaftliche Sondereffekte<\/strong> zur\u00fcckzuf\u00fchren sei. Ursache seien vielmehr der massive Ausbau der Erneuerbaren Energien in China sowie ein Trend zur Elektrifizierung der Wirtschaft.<\/p>\n\n\n\n<p><strong>M\u00f6glicherweise<\/strong> &#8211; ja, oder auch nicht. <br>(Es ist ja eine Analyse eines &#8222;Thinktanks&#8220;, also von ein paar bezahlten Leuten. Ich will meine Analyse hier nicht \u00fcbertreiben und fragen von wem dieser Thinktank finanziert wird und welche Interessen diese Geldquellen haben. Das w\u00e4re ja die Aufgabe von Qualit\u00e4tsjournalisten und nicht meine&#8230;)<\/p>\n\n\n\n<p><strong>Nicht etwa wirtschaftliche Sondereffekte <\/strong>sollen also der Grund sein &#8211; soll hei\u00dfen, China hat nicht einfach deshalb weniger CO2 Emissionen, weil die Wirtschaft schlecht l\u00e4uft, denn die l\u00e4uft ja anhaltend stabil &#8211; merken wir uns das und vergleichen wir die Wirtschaft mal mit den 2 Jahren nach 2014, denn da ging es ja schon mal mit dem CO2 zur\u00fcck. <br>Das haben die Journalisten von NTV doch bestimmt getan, um zu \u00fcberpr\u00fcfen, ob ihre Quelle was belastbares behauptet, oder?<\/p>\n\n\n\n<p>Nun ich habe mal bei deStatis nach der wirtschaftlichen Entwicklung von China gesucht:<\/p>\n\n\n\n<p><a href=\"https:\/\/de.statista.com\/statistik\/daten\/studie\/14560\/umfrage\/wachstum-des-bruttoinlandsprodukts-in-china\/\">https:\/\/de.statista.com\/statistik\/daten\/studie\/14560\/umfrage\/wachstum-des-bruttoinlandsprodukts-in-china\/<\/a><br><\/p>\n\n\n\n<figure class=\"wp-block-image size-full\"><img loading=\"lazy\" decoding=\"async\" width=\"808\" height=\"663\" src=\"https:\/\/bernauers.de\/historisches\/wp-content\/uploads\/sites\/2\/2025\/09\/Pasted-image-20250921212744.png\" alt=\"\" class=\"wp-image-2472\" srcset=\"https:\/\/bernauers.de\/historisches\/wp-content\/uploads\/sites\/2\/2025\/09\/Pasted-image-20250921212744.png 808w, https:\/\/bernauers.de\/historisches\/wp-content\/uploads\/sites\/2\/2025\/09\/Pasted-image-20250921212744-300x246.png 300w, https:\/\/bernauers.de\/historisches\/wp-content\/uploads\/sites\/2\/2025\/09\/Pasted-image-20250921212744-768x630.png 768w\" sizes=\"auto, (max-width: 808px) 100vw, 808px\" \/><\/figure>\n\n\n\n<p>Ok, wir sehen also: <br>Von 2014 ab wuchs die chinesische Wirtschaft mit ungef\u00e4hr 6 bis 7 % im Vergleich zum Vorjahr. Davon tr\u00e4umt Deutschland seit langem&#8230;<br>2025 (da muss nat\u00fcrlich jeder sch\u00e4tzen, denn das Jahr ist ja noch nicht vergangen&#8230;) sind die Wachstumsraten so ungef\u00e4hr zwischen 3 und 4%.<\/p>\n\n\n\n<p>Wir k\u00f6nnen also sehen, dass es in China 2014 bis 2016 besser lief als derzeit. <\/p>\n\n\n\n<p>Die Aussage des Thinktanks kann man also durchaus mal hinterfragen, wenn man sich mit den Daten auch nur 5 min. ernsthaft befasst hat. <\/p>\n\n\n\n<p>Von diesem Hinterfragen finden wir bei NTV nicht viel. <br>Aber immerhin stellen sie ja nur die Frage, ob China den Zenit erreicht hat. Sie behaupten es ja nicht, wie mein Gespr\u00e4chspartner in Schriesheim. <\/p>\n\n\n\n<p>Welche Datenquellen hatte er wohl? <\/p>\n\n\n\n<p>W\u00fcrde er seine Position hinterfragen, wenn er sich meinen Beitrag hier durchlesen w\u00fcrde? <\/p>\n\n\n\n<p>Ich werde ihn nat\u00fcrlich fragen, wenn ich ihn nochmal treffe und \u00fcber seine Reaktion gerne berichten&#8230;.<\/p>\n\n\n\n<p>Auch wenn ich mich hier wiederhole: Wenn mir erkennbar falsche Dinge erz\u00e4hlt werden, kann ich das einfach nicht leiden&#8230; <br>Wenn mir etwas als Tatsache verkauft wird, das einfach nur eine Vermutung ist, dann ist das keine gute Art miteinander umzugehen, oder was meinen Sie? <\/p>\n\n\n\n<p>Nat\u00fcrlich k\u00f6nnten die n\u00e4chsten Jahre auch zeigen, dass sich diese Vermutung best\u00e4tigt. M\u00fcsste ich dann eigentlich meine Meinung bez\u00fcglich der Windr\u00e4der im Schriesheimer Wald \u00e4ndern? <\/p>\n\n\n\n<p>Es ist mir eigentlich egal, ob China nun durch seine unbestritten massiven Investitionen in Windenergie endlich mal weniger CO2 verbraucht. Und ich gehe gleich noch darauf ein, warum mir das ziemlich egal ist.<\/p>\n\n\n\n<p>Aber einen weiteren Netzfund m\u00f6chte ich nicht unerw\u00e4hnt lassen, denn gerne befasse ich mich auch mal mit Quellen, die ich nicht zu den besten z\u00e4hle &#8211; aber andere vermutlich schon: <br><br>Auch die <\/p>\n\n\n\n<h2 class=\"wp-block-heading\">Heinrich- B\u00f6ll- Stiftung, <\/h2>\n\n\n\n<p>die nach der Wikipedia den Gr\u00fcnen nahe steht,<br>(Der Artikel ist hier zu finden: <a href=\"https:\/\/www.boell.de\/de\/2024\/10\/31\/der-emissionspfad-fuer-china-der-unsere-planetare-zukunft-bestimmen-wird\">https:\/\/www.boell.de\/de\/2024\/10\/31\/der-emissionspfad-fuer-china-der-unsere-planetare-zukunft-bestimmen-wird<\/a>)<br>schreibt in einem Artikel der im Oktober 2024 ver\u00f6ffentlicht wurde:<br>&#8222;M\u00f6glicherweise erreichen die Emissionen in China gerade ihren H\u00f6hepunkt&#8220;.<br>Nicht mal dort findet man Unterst\u00fctzung f\u00fcr die Behauptung China habe seinen CO2 Aussto\u00df gesenkt. <br>Vielleicht wird das ja geschehen, aber zum jetzigen Zeitpunkt kann das noch kein Mensch wissen.<\/p>\n\n\n\n<p>Was wir aber sehr gut belegen k\u00f6nnen ist die Tatsache, dass China parallel zum massivem Ausbau der Erneuerbaren Energien m\u00e4chtig seinen CO2 Aussto\u00df \u00fcber Jahrzehnte hinweg erh\u00f6ht hat. <\/p>\n\n\n\n<p>Ich bleibe vorl\u00e4ufig also bei meiner Meinung und ich habe das ja nun ausf\u00fchrlich begr\u00fcndet, mit einer Datenbasis, die wohl kaum jemand als voreingenommen, oder einseitig kritisieren kann, ohne sich l\u00e4cherlich zu machen&#8230;<\/p>\n\n\n\n<p>Doch selbst, wenn sich in Zukunft zeigt, dass China seinen CO2 Aussto\u00df tats\u00e4chlich reduziert und das darf man ja mal hoffen, denn wozu investieren die sonst so viel Geld&#8230;, was w\u00fcrde das f\u00fcr meine Entscheidung Windr\u00e4der im Schriesheimer Wald abzulehnen bedeuten?<\/p>\n\n\n\n<p>Das ist ja die eigentliche Frage bei unserem Thema. <br>Im Gespr\u00e4ch mit dem Bef\u00fcrworter der Windr\u00e4der kam ich allerdings nicht dazu meine Argumente darzulegen, da er mir st\u00e4ndig in&#8217;s Wort fiel. Aber sei es drum, wenn Sie das hier lesen, k\u00f6nnen Sie mich ja wenigstens nicht unterbrechen &#8211; nur aufh\u00f6ren zu lesen. <br>Schreiben Sie mir aber gerne eine Email und erkl\u00e4ren Sie mir Ihre Sicht auf die Windr\u00e4der und was andere L\u00e4nder mit unserer Energiewende zu tun haben.<\/p>\n<\/div><\/div><\/div>\n\n\n\n<div class=\"custom-css-block\"><style>#aab_accordion_e73162e2_15 {  }<\/style><\/div><div class=\"wp-block-aab-accordion-block aab__accordion_container  accessibilityOn\" style=\"margin-top:0px;margin-bottom:15px;border:1px solid #bcb6b638\" id=\"aab_accordion_e73162e2_15\" role=\"button\" aria-expanded=\"false\" tabindex=\"0\"><div class=\"aab__accordion_head aab_right_icon \" style=\"background-color:#bcb6b638;border-top:none;border-right:none;border-bottom:none;border-left:none\"><div class=\"aab__accordion_heading aab_right_icon aab_right_link\"><div class=\"head_content_wrapper\"><div class=\"title_wrapper\"><h5 class=\"aab__accordion_title\" style=\"margin:0\">Die Welt, China, Eu, Deutschland und Frankreich<\/h5><\/div><\/div><\/div><div class=\"aab__accordion_icon\" style=\"border:0px solid transparent\"><span class=\"aab__icon dashicons dashicons-plus-alt2\" style=\"font-size:23px\"><\/span><\/div><\/div><div class=\"aab__accordion_body  \" role=\"region\" style=\"display:none;border-top:1px solid #bcb6b638;border-right:none;border-bottom:none;border-left:none\"><div class=\"aab__accordion_component\">\n<p>Die folgende Quelle wird auch des \u00f6fteren von DeStatis benutzt:<\/p>\n\n\n\n<p><a href=\"https:\/\/edgar.jrc.ec.europa.eu\/report_2024?vis=co2tot#emissions_table\">https:\/\/edgar.jrc.ec.europa.eu\/report_2024?vis=co2tot#emissions_table<\/a><\/p>\n\n\n\n<p>Und aus diesen Daten ergibt sich die folgende Graphik:<\/p>\n\n\n\n<figure class=\"wp-block-image size-large\"><img loading=\"lazy\" decoding=\"async\" width=\"1024\" height=\"384\" src=\"https:\/\/bernauers.de\/historisches\/wp-content\/uploads\/sites\/2\/2025\/09\/Pasted-image-20250921172501-1024x384.png\" alt=\"\" class=\"wp-image-2463\" srcset=\"https:\/\/bernauers.de\/historisches\/wp-content\/uploads\/sites\/2\/2025\/09\/Pasted-image-20250921172501-1024x384.png 1024w, https:\/\/bernauers.de\/historisches\/wp-content\/uploads\/sites\/2\/2025\/09\/Pasted-image-20250921172501-300x113.png 300w, https:\/\/bernauers.de\/historisches\/wp-content\/uploads\/sites\/2\/2025\/09\/Pasted-image-20250921172501-768x288.png 768w, https:\/\/bernauers.de\/historisches\/wp-content\/uploads\/sites\/2\/2025\/09\/Pasted-image-20250921172501.png 1192w\" sizes=\"auto, (max-width: 1024px) 100vw, 1024px\" \/><\/figure>\n\n\n\n<p>Die Daten zeigen nicht nur, dass China, sondern auch die Welt insgesamt, bis 2023 ihren Treibhausgas Aussto\u00df ziemlich ungebremst erh\u00f6ht hat. Obwohl wir dauernd h\u00f6ren, dass mehr oder weniger alle versuchen das nicht zu tun&#8230;<br>(Wieder so ein Fall &#8211; mir wird A erz\u00e4hlt und die Daten zeigen B &#8211; k\u00f6nnen Sie das leiden?)<\/p>\n\n\n\n<p>Sie zeigen aber auch, dass Europa alleine keine Chance hat diesen Trend wesentlich zu beeinflussen. Europa tr\u00e4gt nach diesen Zahlen nur etwa 6% bei. Deutschland hat einen Anteil von ca. 1,29 % und Frankreich tr\u00e4gt mit nur 0,73% noch viel weniger bei. Das erw\u00e4hne ich nur mal, weil Frankreich ziemlich viele Atomkraftwerke am Start hat und vermutlich deshalb so wenig Treibhausgase ausst\u00f6\u00dft. . .<\/p>\n\n\n\n<p>Nein, ich will jetzt hier keine Atomkraft- Diskussion starten &#8211; ich erw\u00e4hne das nur, damit wir uns nochmal klar machen, wie komplex die Diskussion ist. Daher habe ich wohl die \u00dcberschrift so gew\u00e4hlt&#8230;<br>Und ich kratze ja hier nur an der Oberfl\u00e4che&#8230;<\/p>\n<\/div><\/div><\/div>\n\n\n\n<p><br><\/p>\n<\/div><\/div><\/div>\n\n\n\n<div class=\"custom-css-block\"><style>#aab_accordion_98e9263d_17 {  }<\/style><\/div><div class=\"wp-block-aab-accordion-block aab__accordion_container  accessibilityOn\" style=\"margin-top:0px;margin-bottom:15px;border:1px solid #bcb6b638\" id=\"aab_accordion_98e9263d_17\" role=\"button\" aria-expanded=\"false\" tabindex=\"0\"><div class=\"aab__accordion_head aab_right_icon \" style=\"background-color:#bcb6b638;border-top:none;border-right:none;border-bottom:none;border-left:none\"><div class=\"aab__accordion_heading aab_right_icon aab_right_link\"><div class=\"head_content_wrapper\"><div class=\"title_wrapper\"><h5 class=\"aab__accordion_title\" style=\"margin:0\">Komplexit\u00e4t nervt &#8211; ist es nicht eigentlich ganz einfach? <\/h5><\/div><\/div><\/div><div class=\"aab__accordion_icon\" style=\"border:0px solid transparent\"><span class=\"aab__icon dashicons dashicons-plus-alt2\" style=\"font-size:23px\"><\/span><\/div><\/div><div class=\"aab__accordion_body  \" role=\"region\" style=\"display:none;border-top:1px solid #bcb6b638;border-right:none;border-bottom:none;border-left:none\"><div class=\"aab__accordion_component\">\n<p>Wie sch\u00f6n w\u00e4re es, wenn die Welt ganz einfach w\u00e4re und wir immer genau w\u00fcssten was die Wahrheit ist&#8230;<\/p>\n\n\n\n<p>Ich denke, dass unser verst\u00e4ndlicher Wunsch nach Klarheit und einfachen Erkl\u00e4rungen uns leicht manipulierbar macht. <br>Wir glauben dann Behauptungen, die wir selbst nicht kritisch \u00fcberpr\u00fcft haben. Und wir haben ja auch alle nicht die Zeit, um jede Behauptung zu pr\u00fcfen. <br>Aber die Welt ist eben leider ziemlich kompliziert und wir haben die Wahrheit nun mal nicht in der Tasche. (Auch die besten Wissenschaftler nicht &#8211; und die wissen das auch&#8230;)<\/p>\n\n\n\n<p>Ich f\u00fcrchte viele Bef\u00fcrworter \u00fcberpr\u00fcfen Behauptungen, die ihnen h\u00e4ufig erz\u00e4hlt werden, nicht mehr kritisch. <br>Sie glauben einfach, dass das stimmt. <br>Extrem vereinfacht gesprochen glauben viele vermutlich so etwas wie: <br>&#8222;Wir m\u00fcssen einfach alles tun, um CO2 zu vermeiden, sonst werden die Folgen des Klimawandels unertr\u00e4glich werden.&#8220; <\/p>\n\n\n\n<p>Wer das glaubt, ist kaum noch f\u00fcr andere Argumente offen. Ich den n\u00e4chsten beiden Beitr\u00e4gen, werde ich mich mit einigen davon n\u00e4her befassen. <\/p>\n\n\n\n<p>Viele verweigern sich auch den Argumenten, die zeigen, dass der Klimawandel gar nicht so unertr\u00e4gliche Folgen haben muss, wenn wir nur vern\u00fcnftig und kreativ nach M\u00f6glichkeiten suchen mit den Folgen umzugehen. <br>Dass es daf\u00fcr viele M\u00f6glichkeiten gibt, k\u00f6nnen sie auch nicht glauben, daher ist mit ihnen kaum zu argumentieren.<\/p>\n\n\n\n<p>Jedoch f\u00fcr alle, die sich Argumenten neugierig \u00f6ffnen, stehen uns so viele Handlungsm\u00f6glichkeiten offen, dass wir auch mit Zuversicht in die Zukunft schauen k\u00f6nnen, wenn wir nur wollen. <\/p>\n\n\n\n<p>Ich habe einige dieser M\u00f6glichkeiten und die Vielfalt der Meinungen zum Thema Klimawandel hier auf meinem Blog schon mal grob umrissen &#8211; hier zu finden (falls Sie Zeit und Lust haben&#8230;):<\/p>\n\n\n\n<figure class=\"wp-block-embed is-type-wp-embed is-provider-stefans-demokratie-blog wp-block-embed-stefans-demokratie-blog\"><div class=\"wp-block-embed__wrapper\">\n<blockquote class=\"wp-embedded-content\" data-secret=\"TKWohefmKz\"><a href=\"https:\/\/bernauers.de\/historisches\/2020\/01\/21\/buerger-solarpark\/\">B\u00fcrger- Solarpark<\/a><\/blockquote><iframe loading=\"lazy\" class=\"wp-embedded-content\" sandbox=\"allow-scripts\" security=\"restricted\" style=\"position: absolute; visibility: hidden;\" title=\"&#8222;B\u00fcrger- Solarpark&#8220; &#8212; Stefans Demokratie Blog\" src=\"https:\/\/bernauers.de\/historisches\/2020\/01\/21\/buerger-solarpark\/embed\/#?secret=6DCYXTiNKH#?secret=TKWohefmKz\" data-secret=\"TKWohefmKz\" width=\"474\" height=\"267\" frameborder=\"0\" marginwidth=\"0\" marginheight=\"0\" scrolling=\"no\"><\/iframe>\n<\/div><\/figure>\n\n\n\n<p>Leuten, die vor dem Klimawandel Angst haben, was verst\u00e4ndlich ist, weil ihnen das ja dauernd erz\u00e4hlt wird, m\u00f6chte ich zB. Bjorn Lomborg empfehlen, auf den ich in dem oben genannten Artikel schon vor Jahren aufmerksam gemacht habe&#8230;<br>Hier ein interessantes Interview mit Ihm &#8211; leider in Englisch &#8211; hoffe Sie verstehen das: <\/p>\n\n\n\n<figure class=\"wp-block-embed is-type-video is-provider-youtube wp-block-embed-youtube wp-embed-aspect-16-9 wp-has-aspect-ratio\"><div class=\"wp-block-embed__wrapper\">\n<iframe loading=\"lazy\" title=\"Bjorn Lomborg: Climate Change, Poverty, and How Governments WASTE Your Money\" width=\"474\" height=\"267\" src=\"https:\/\/www.youtube.com\/embed\/Ip5P_FIyfTo?feature=oembed\" frameborder=\"0\" allow=\"accelerometer; autoplay; clipboard-write; encrypted-media; gyroscope; picture-in-picture; web-share\" referrerpolicy=\"strict-origin-when-cross-origin\" allowfullscreen><\/iframe>\n<\/div><\/figure>\n\n\n\n<p><br>Jedenfalls kein Grund zur Panik, denn das ruiniert nur unsere Vernunft. Die braucht die ruhige Argumentation, um gut zu arbeiten. Und die Demokratie braucht vern\u00fcnftige Menschen, keine &#8222;panisch umherstreitenden&#8220; &#8211; da bin ich mir auch ohne viele Datenquellen sicher &#8211; da reicht einfache Lebenserfahrung, aber das brauche ich Ihnen ja nicht zu erz\u00e4hlen..<\/p>\n\n\n\n<p>In meinem Artikel zum B\u00fcrger Solarpark hatte ich beschrieben, dass es schon immer auch andere Meinungen zum Thema &#8222;Klimawandel allgemein&#8220; gab und erst recht heute noch gibt. <br>Um heute noch fertig zu werden, lasse ich dieses Thema im Weiteren aber ebenfalls weg.<\/p>\n\n\n\n<p>Ich versuche das in meinen n\u00e4chsten beiden Artikeln nachzuholen &#8211; jedenfalls im Groben. Es g\u00e4be ja mehr zu schreiben, als ich Zeit dazu hab&#8217;\u2026<\/p>\n\n\n\n<p>Ich befasse mich hier haupts\u00e4chlich mit den falschen Behauptungen im Zusammenhang mit den Windr\u00e4dern im Schriesheimer Wald und da auch nur mit der sehr kleinen Auswahl, die mir in der letzten Woche aufgefallen sind&#8230;.<\/p>\n\n\n\n<p>Also da w\u00e4re noch folgende Behauptung zu nennen:<\/p>\n<\/div><\/div><\/div>\n\n\n\n<div class=\"custom-css-block\"><style>#aab_accordion_45d8f4c9_19 {  }<\/style><\/div><div class=\"wp-block-aab-accordion-block aab__accordion_container  accessibilityOn\" style=\"margin-top:0px;margin-bottom:15px;border:1px solid #bcb6b638\" id=\"aab_accordion_45d8f4c9_19\" role=\"button\" aria-expanded=\"false\" tabindex=\"0\"><div class=\"aab__accordion_head aab_right_icon \" style=\"background-color:#bcb6b638;border-top:none;border-right:none;border-bottom:none;border-left:none\"><div class=\"aab__accordion_heading aab_right_icon aab_right_link\"><div class=\"head_content_wrapper\"><div class=\"title_wrapper\"><h5 class=\"aab__accordion_title\" style=\"margin:0\">Windenergie kostet fast nix&#8230;<\/h5><\/div><\/div><\/div><div class=\"aab__accordion_icon\" style=\"border:0px solid transparent\"><span class=\"aab__icon dashicons dashicons-plus-alt2\" style=\"font-size:23px\"><\/span><\/div><\/div><div class=\"aab__accordion_body  \" role=\"region\" style=\"display:none;border-top:1px solid #bcb6b638;border-right:none;border-bottom:none;border-left:none\"><div class=\"aab__accordion_component\">\n<p>Im Flyer, den mir die Bef\u00fcrworter der Windr\u00e4der in den Briefkasten geworfen haben &#8211; dazu geh\u00f6ren die CDU Dossenheim und die SPD &#8211; also Vertreter der Regierungsparteien &#8211; las ich:<\/p>\n\n\n\n<p>&#8222;Windr\u00e4der produzieren Strom fast kostenlos.&#8220;<\/p>\n\n\n\n<p>Stimmt das? <\/p>\n\n\n\n<p>Es gibt eine aktuelle Mitteilung des Bundesministeriums f\u00fcr Wirtschaft und Energie eben dieser Regierungsparteien. Ich hab&#8216; sie hier schon mal heruntergeladen, wer da mal reinschauen m\u00f6chte:<\/p>\n\n\n\n<div data-wp-interactive=\"core\/file\" class=\"wp-block-file\"><object data-wp-bind--hidden=\"!state.hasPdfPreview\" hidden class=\"wp-block-file__embed\" data=\"https:\/\/bernauers.de\/historisches\/wp-content\/uploads\/sites\/2\/2025\/09\/klimaneutral-werden-wettbewerbsfaehig-bleiben.pdf\" type=\"application\/pdf\" style=\"width:100%;height:600px\" aria-label=\"Einbettung von klimaneutral-werden-wettbewerbsfaehig-bleiben.\"><\/object><a id=\"wp-block-file--media-989418f9-8e87-4e45-8ea5-98e01f5221af\" href=\"https:\/\/bernauers.de\/historisches\/wp-content\/uploads\/sites\/2\/2025\/09\/klimaneutral-werden-wettbewerbsfaehig-bleiben.pdf\">klimaneutral-werden-wettbewerbsfaehig-bleiben<\/a><a href=\"https:\/\/bernauers.de\/historisches\/wp-content\/uploads\/sites\/2\/2025\/09\/klimaneutral-werden-wettbewerbsfaehig-bleiben.pdf\" class=\"wp-block-file__button wp-element-button\" download aria-describedby=\"wp-block-file--media-989418f9-8e87-4e45-8ea5-98e01f5221af\">Herunterladen<\/a><\/div>\n\n\n\n<p>Dort drin steht auf Seite 2 zu lesen:<\/p>\n\n\n\n<p>&#8222;Die Annahme, dass Strom aus erneuerbaren Energien praktisch zum Nulltarif zur Verf\u00fcgung gestellt werden kann, ist bei Ber\u00fccksichtigung des Gesamtsystems falsch&#8220;.<\/p>\n\n\n\n<p>Hat die CDU Dossenheim und die SPD etwa diese Mitteilung nicht gelesen, bevor sie den B\u00fcrgern etwas in den Briefkasten werfen, das in den Augen Ihres eigenen Ministeriums falsch ist?<\/p>\n\n\n\n<p>Dort wird \u00fcbrigens auch erkl\u00e4rt warum das so ist:<\/p>\n\n\n\n<p>&#8222;Photovoltaikanlagen und Windkraftr\u00e4der produzieren nur, wenn die Sonne scheint und der Wind weht. Da der Strom aber unabh\u00e4ngig davon immer gebraucht wird, reichen die erneuerbaren Energien allein nicht aus \u2013 das Resultat sind hohe Investitionen in das gesamte Stromsystem, vor allem in Infrastruktur, Speicher, Netzausbau und Backup- Kapazit\u00e4ten, die f\u00fcr eine verl\u00e4ssliche Stromversorgung erforderlich sind. Hinzu kommen enorme Kosten f\u00fcr Netzengp\u00e4sse (Abregelung, Redispatch), die entstehen, wenn die Netze den erzeugten Strom nicht aufnehmen und transportieren k\u00f6nnen. All diese Kosten verteuern unser Energiesystem und m\u00fcssen letztlich von Verbrauchern und Unternehmen \u00fcber die Stromrechnung bezahlt werden.&#8220;<\/p>\n\n\n\n<p>Letzteres deckt sich \u00fcbrigens mit unseren eigenen Erfahrungen beim Bezahlen unserer Stromrechnungen&#8230;<\/p>\n\n\n\n<p>Ich freue mich, dass die CDU Schriesheim sich NICHT an diesem Flyer beteiligt hat und vermute, dass sie die Mitteilungen ihres Ministeriums gelesen haben.<\/p>\n\n\n\n<p>Anscheinend gilt das nicht f\u00fcr die SPD und schon gar nicht f\u00fcr den Rest der Bef\u00fcrworter.<\/p>\n\n\n\n<p>Und in diesem Zusammenhang m\u00f6chte ich nochmal anmerken, dass ich es nicht leiden kann, wenn mir jemand was erkennbar falsches erz\u00e4hlt, um meine Meinung zu beeinflussen&#8230;<br>Schlimmer als erz\u00e4hlen finde ich allerdings es schriftlich in die Briefk\u00e4sten der B\u00fcrger zu werfen, die gar nicht die Zeit haben, das ganze Zeug mal zu \u00fcberpr\u00fcfen.<\/p>\n\n\n\n<p>Ich wollte ja hier eigentlich niemandem Absicht vorwerfen, aber hier f\u00e4llt mir das schwer&#8230;<br>Das erscheint mir eine bewusste Manipulation zu sein und ich halte das f\u00fcr ein verwerfliches Verhalten. <br>Andernfalls w\u00e4re es mindestens ein unachtsamer Umgang mit verf\u00fcgbaren Fakten&#8230;<\/p>\n\n\n\n<p>Das gleiche gilt beim n\u00e4chsten Thema, bei dem ich in einem Facebook Post mal darauf aufmerksam gemacht habe, dass das ZDF in der Sendung Frontal, den Behauptungen im Flyer der Bef\u00fcrworter ganz sch\u00f6n deutlich widerspricht:<\/p>\n<\/div><\/div><\/div>\n\n\n\n<div class=\"custom-css-block\"><style>#aab_accordion_9e20ffc3_21 {  }<\/style><\/div><div class=\"wp-block-aab-accordion-block aab__accordion_container  accessibilityOn\" style=\"margin-top:0px;margin-bottom:15px;border:1px solid #bcb6b638\" id=\"aab_accordion_9e20ffc3_21\" role=\"button\" aria-expanded=\"false\" tabindex=\"0\"><div class=\"aab__accordion_head aab_right_icon \" style=\"background-color:#bcb6b638;border-top:none;border-right:none;border-bottom:none;border-left:none\"><div class=\"aab__accordion_heading aab_right_icon aab_right_link\"><div class=\"head_content_wrapper\"><div class=\"title_wrapper\"><h5 class=\"aab__accordion_title\" style=\"margin:0\">Entsorgung ist 100%ig kein Problem, oder doch?<\/h5><\/div><\/div><\/div><div class=\"aab__accordion_icon\" style=\"border:0px solid transparent\"><span class=\"aab__icon dashicons dashicons-plus-alt2\" style=\"font-size:23px\"><\/span><\/div><\/div><div class=\"aab__accordion_body  \" role=\"region\" style=\"display:none;border-top:1px solid #bcb6b638;border-right:none;border-bottom:none;border-left:none\"><div class=\"aab__accordion_component\">\n<p><a href=\"https:\/\/www.zdf.de\/...\/frontal-vom-2-september-2025-100\">https:\/\/www.zdf.de\/&#8230;\/frontal-vom-2-september-2025-100<\/a><\/p>\n\n\n\n<p>Von Minute 22:27 bis Minute 31:55 empfehlen wir diesen Beitrag, vom ZDF:<\/p>\n\n\n\n<figure class=\"wp-block-embed is-type-video is-provider-youtube wp-block-embed-youtube wp-embed-aspect-16-9 wp-has-aspect-ratio\"><div class=\"wp-block-embed__wrapper\">\n<iframe loading=\"lazy\" title=\"frontalbericht vom 02 09 2025\" width=\"474\" height=\"267\" src=\"https:\/\/www.youtube.com\/embed\/MjtuklAE6RE?feature=oembed\" frameborder=\"0\" allow=\"accelerometer; autoplay; clipboard-write; encrypted-media; gyroscope; picture-in-picture; web-share\" referrerpolicy=\"strict-origin-when-cross-origin\" allowfullscreen><\/iframe>\n<\/div><\/figure>\n\n\n\n<p>Insbesondere den Bef\u00fcrwortern der Windr\u00e4der im Schriesheimer Wald, legen wir das ans Herz.<\/p>\n\n\n\n<p>Wir k\u00f6nnten uns dar\u00fcber einig werden, dass wir NICHT uns selbst mit den Windr\u00e4dern im Schriesheimer Wald einen Gefallen tun, sondern einigen gewissenlosen Gro\u00dfinvestoren, die gerne die Subventionen abgreifen, die wir mit Steuern und hohen Strompreisen zahlen, ebenso wie die Kosten f\u00fcr Entsorgung und andere &#8222;unerwartete&#8220; Folgeprobleme.<\/p>\n\n\n\n<p>Dem Klima wird es sowieso nichts n\u00fctzen, denn weltweit wird eine v\u00f6llig andere Energiepolitik betrieben. Und unser Einfluss ist marginal. <br>\u00dcber unser &#8222;Vorbild&#8220; lacht der Rest der Welt eher, als dass er dem Beispiel folgt.<\/p>\n<\/div><\/div><\/div>\n\n\n\n<p>Ich belasse es nun erst mal mit diesen paar Hinweisen, wie sich meine ablehnende Haltung gegen\u00fcber Windr\u00e4dern im Schriesheimer Wald erkl\u00e4rt. <\/p>\n\n\n\n<p>Pr\u00fcfen wir alle unsere eigenen Meinungen ebenso hart wie die der Anderen. <\/p>\n\n\n\n<p>Wenigstens k\u00f6nnen wir damit den Unentschlossenen gute Ideen an die Hand geben, damit sie sich eine klarere Meinung bilden k\u00f6nnen. <\/p>\n","protected":false},"excerpt":{"rendered":"<p>Aktuell besch\u00e4ftigt mich das Thema der Windr\u00e4der im Schriesheimer Wald. K\u00fcrzlich war ich auf dem Schriesheimer Markt und habe einige Gespr\u00e4che am Stand der B\u00fcrgerinitiative Gegenwind Bergstra\u00dfe e.V. mit interessierten B\u00fcrgern gef\u00fchrt. Es steht ein B\u00fcrgerentscheid zu diesem Thema am 09.11.2025 an. Wer mit JA beim B\u00fcrgerentscheid stimmt, sagt NEIN zu den Windr\u00e4dern im Schriesheimer &hellip; <a href=\"https:\/\/bernauers.de\/historisches\/2025\/10\/03\/ueber-windraeder-komplexitaet-und-demokratie\/\" class=\"more-link\"><span class=\"screen-reader-text\">\u00dcber Windr\u00e4der, Komplexit\u00e4t und Demokratie<\/span> weiterlesen <span class=\"meta-nav\">&rarr;<\/span><\/a><\/p>\n","protected":false},"author":1,"featured_media":0,"comment_status":"open","ping_status":"open","sticky":false,"template":"","format":"standard","meta":{"footnotes":""},"categories":[1],"tags":[],"class_list":["post-2461","post","type-post","status-publish","format-standard","hentry","category-allgemein"],"_links":{"self":[{"href":"https:\/\/bernauers.de\/historisches\/wp-json\/wp\/v2\/posts\/2461","targetHints":{"allow":["GET"]}}],"collection":[{"href":"https:\/\/bernauers.de\/historisches\/wp-json\/wp\/v2\/posts"}],"about":[{"href":"https:\/\/bernauers.de\/historisches\/wp-json\/wp\/v2\/types\/post"}],"author":[{"embeddable":true,"href":"https:\/\/bernauers.de\/historisches\/wp-json\/wp\/v2\/users\/1"}],"replies":[{"embeddable":true,"href":"https:\/\/bernauers.de\/historisches\/wp-json\/wp\/v2\/comments?post=2461"}],"version-history":[{"count":73,"href":"https:\/\/bernauers.de\/historisches\/wp-json\/wp\/v2\/posts\/2461\/revisions"}],"predecessor-version":[{"id":2590,"href":"https:\/\/bernauers.de\/historisches\/wp-json\/wp\/v2\/posts\/2461\/revisions\/2590"}],"wp:attachment":[{"href":"https:\/\/bernauers.de\/historisches\/wp-json\/wp\/v2\/media?parent=2461"}],"wp:term":[{"taxonomy":"category","embeddable":true,"href":"https:\/\/bernauers.de\/historisches\/wp-json\/wp\/v2\/categories?post=2461"},{"taxonomy":"post_tag","embeddable":true,"href":"https:\/\/bernauers.de\/historisches\/wp-json\/wp\/v2\/tags?post=2461"}],"curies":[{"name":"wp","href":"https:\/\/api.w.org\/{rel}","templated":true}]}}