{"id":157,"date":"2017-12-22T21:32:35","date_gmt":"2017-12-22T20:32:35","guid":{"rendered":"https:\/\/bernauers.de\/historisches\/?p=157"},"modified":"2018-08-21T09:51:20","modified_gmt":"2018-08-21T07:51:20","slug":"die-anfaenge-der-makroskopen-heidelberg","status":"publish","type":"post","link":"https:\/\/bernauers.de\/historisches\/2017\/12\/22\/die-anfaenge-der-makroskopen-heidelberg\/","title":{"rendered":"Die Anf\u00e4nge der &#8218;Makroskopen&#8216; Heidelberg"},"content":{"rendered":"<p>6 Teilnehmer des Makroskop Jahrestreffens 2017 in Wiesbaden vereinbarten auf Initiative von Wolfgang Selig sich vor Ort regelm\u00e4\u00dfig zu treffen, um \u00fcber wirtschaftspolitische Themen zu sprechen.<\/p>\n<p>Am 12.12.2017 berichtete das Online-Magazin &#8222;Makroskop&#8220; \u00fcber die bevorstehende Gr\u00fcndung des ersten Makroskop- Gespr\u00e4chskreises in Heidelberg am&nbsp;20.11.2017 um 19:30 Uhr im &#8222;LADEN f\u00fcr Kultur und Politik&#8220; &#8211; Kaiserstra\u00dfe 62 69115 Heidelberg.<\/p>\n<p>Am 20.11.2017 war also unser &#8218;Gr\u00fcndungstreffen&#8216; und seit dem treffen wir uns einmal im Monat.<\/p>\n<p>Hier folgen die ersten Termine und eine kurze Zusammenfassung was wir da so gemacht haben.<br \/>\nMan kann die Termine durch Anklicken auf- und auch wieder zuklappen:<\/p>\n<p>&nbsp;<\/p>\n<details>\n<summary>20.11.2017 &#8211; Das Gr\u00fcndungstreffen<\/summary>\n<p>Die erste \u00dcberraschung war wohl die Anzahl an Leuten. Wir hatten mit f\u00fcnf Teilnehmern gerechnet, aber es kamen elf. Manche hatten durch den Bericht auf Makroskop von unserem Treffen erfahren, manche durch die Veranstaltungsliste vom Laden f\u00fcr Kultur und Politik. Manche durch pers\u00f6nliche Kontakte.<\/p>\n<p>\u00dcber unsere Vorstellungen zu reden, war nat\u00fcrlich das Kernthema des Abends.<br \/>\nEinen klaren Fahrplan f\u00fcr den Abend gab es nicht, aber wir lernten uns kennen und entwickelten eine vage Vorstellung wohin die Reise geht.<br \/>\nWie wir ein anderes wirtschaftspolitisches Denken verbreiten k\u00f6nnen, wird wohl eines unserer Kernanliegen sein.<br \/>\nEbenso, unser Wirtschaftssystem selbst besser zu verstehen.<br \/>\nAls Hilfsmittel, um uns zu organisieren wurde &#8218;testweise&#8216; die Internet Plattform <a href=\"https:\/\/b\u00fcrgergemeinschaften.de\/\">b\u00fcrgergemeinschaften.de<\/a> gew\u00e4hlt.<\/p>\n<\/details>\n<details>\n<summary>18.12.2017 <\/summary>\n<p>Diesmal waren wir zw\u00f6lf Personen. Darunter 3 &#8218;Neuzug\u00e4nge&#8216; und eines der 6 &#8218;Gr\u00fcndungsmitglieder&#8216;, das beim ersten Mal nicht kommen konnte.<\/p>\n<p>Neben den immer interessanten wenn auch manchmal etwas kontroversen Gespr\u00e4chen einigten wir uns diesmal auf einen Fahrplan f\u00fcr den Abend. Zun\u00e4chst besprechen unserer Erfahrungen mit <a href=\"https:\/\/b\u00fcrgergemeinschaften.de\/\">b\u00fcrgergemeinschaften.de.<\/a><\/p>\n<p>Ist diese Plattform f\u00fcr uns n\u00fctzlich? Gelingt es uns einen \u00dcberblick da reinzubringen? Nur 7 haben sich bisher registriert. Dennoch ist der Anfang viel versprechend. Etwas Geduld und Erfahrung im Umgang damit werden wir brauchen, aber die Richtung stimmt.<\/p>\n<p>Der Hauptpunkt des Abends, d\u00fcrfte das Reden und Nachdenken \u00fcber Ziele gewesen sein. Wohin wollen wir?<br \/>\nVermutlich wird uns das Thema noch eine Weile besch\u00e4ftigen. Klar ist, dass hier viele engagierte Leute mit verschiedenen kreativen Ideen zusammen gekommen sind und dass der Abend Spa\u00df gemacht hat. Sicher nicht das Unwichtigste.<\/p>\n<p>F\u00fcr\u00b4s n\u00e4chste Mal haben wir uns ein &#8218;Input- Referat&#8216; von Christof zum Thema &#8222;Allgemeine Kritik an der Politischen \u00d6konomie&#8220; vorgenommen. Mal sehen was sich bis dahin \u00fcber die Plattform noch an weiteren Ideen ergibt.<\/p>\n<\/details>\n<details>\n<summary>22.01.2018 <\/summary>\n<p>Und wieder waren wir zw\u00f6lf Personen. Diesmal 4 &#8218;Neuzug\u00e4nge&#8216;. \u00dcber alle bisherigen Treffen waren also 19 Personen mindestens schon ein Mal zu Besuch.<\/p>\n<p>Christof hielt sein Input- Referat und wir besprachen sowohl seinen Vortrag, als auch unser weiteres Vorgehen.<br \/>\nIch berichte davon nat\u00fcrlich aus meiner voreingenommenen Perspektive, jeder nimmt aus solchen Diskussionen etwas anderes mit. Mir war dieses Treffen insgesamt etwas zu viel &#8222;von Ast zu Ast geh\u00fcpft&#8220;.<br \/>\nBesser w\u00e4ren vermutlich klarer abgegrenzte Themen, die enger am roten Faden entlang bearbeitet werden sollten.<br \/>\nWir haben daher gezielt angefangen Themen zu sammeln und jeder kann das von zu Hause aus auf der Plattform weiterf\u00fchren und die Ideen der anderen bewerten. Inzwischen (Stand 24.01.2018 11 Uhr) haben sich 9 von uns auf <a href=\"https:\/\/b\u00fcrgergemeinschaften.de\/\">b\u00fcrgergemeinschaften.de<\/a> registriert.<br \/>\nDer \u00dcberblick hat sich durch deren Stimmen schon etwas verbessert, l\u00e4sst aber noch zu w\u00fcnschen \u00fcbrig. Es mangelt noch an der Beteiligung. Manchmal k\u00f6nnte man den Eindruck gewinnen, es wird mehr als Informationsplattform, denn als Entscheidungsplattform betrachtet &#8211; aber ich glaube das wird sich noch \u00e4ndern.<br \/>\nEiniges an neuen Ideen und Vorschl\u00e4gen ist jedenfalls schon dazu gekommen.<\/p>\n<p>Ich freu\u00b4 mich schon auf\u00b4s n\u00e4chste Treffen am 19.02.2018.<br \/>\nWir wollen auf jeden Fall einen Artikel aus dem Handelsblatt besprechen. &#8222;Deutschland &#8211; der \u00fcberm\u00e4chtige Konkurrent&#8220; <a href=\"http:\/\/www.handelsblatt.com\/politik\/deutschland\/analyse-zum-leistungsbilanzueberschuss-deutschland-der-uebermaechtige-konkurrent\/20852196.html?share=twitter\" target=\"_blank\" rel=\"noopener\">http:\/\/www.handelsblatt.com\/politik\/deutschland\/analyse-zum-leistungsbilanzueberschuss-deutschland-der-uebermaechtige-konkurrent\/20852196.html?share=twitter<\/a><br \/>\nDirk wird den Artikel kurz einf\u00fchren, falls Leute da sind, die ihn nicht gelesen haben.<br \/>\nDann wollen wir am Artikel entlang diskutieren.<\/p>\n<p>Ob noch mehr Vorschl\u00e4ge f\u00fcr den Abend auf der Plattform eine Mehrheit finden, wird sich zeigen. . .<\/p>\n<\/details>\n<details>\n<summary>19.02.2018 <\/summary>\n<p>Diesmal trafen sich 9 Personen, davon 1 &#8218;Neuzugang&#8216;. \u00dcber alle bisherigen Treffen waren also 20 Personen mindestens schon ein Mal zu Besuch.<\/p>\n<p>Inhaltlich wurde wie geplant der Artikel aus dem Handelsblatt besprochen. &#8222;<a href=\"http:\/\/www.handelsblatt.com\/politik\/deutschland\/analyse-zum-leistungsbilanzueberschuss-deutschland-der-uebermaechtige-konkurrent\/20852196.html?share=twitter\">Deutschland &#8211; der \u00fcberm\u00e4chtige Konkurrent<\/a>&#8220;<\/p>\n<p>Danach ging es um konkrete Aktionen.<br \/>\nGeplant ist eine Veranstaltung mit einem Vortragsvideo und anschlie\u00dfender Skype-Schaltung mit Heiner Flassbeck. Es ist angedacht, Ihn auch pers\u00f6nlich nach HD einzuladen. Daf\u00fcr suchen wir noch Verb\u00fcndete und Multiplikatoren.<\/p>\n<p>Beim n\u00e4chsten Treffen wird es um das Thema &#8222;Staatsschulden&#8220; gehen.<br \/>\nZur Einf\u00fchrung eignet sich ein Artikel von Paul Steinhart <a href=\"https:\/\/makroskop.eu\/2015\/07\/die-staatsschuldenkrise-eine-fata-morgana\/\">hier verlinkt<\/a>.<\/p>\n<\/details>\n<details>\n<summary>19.03.2018 <\/summary>\n<p>6 Teilnehmer und kein &#8222;Neuzugang&#8220; &#8211; aber kein Grund zum Hadern. . .<br \/>\nKlar wir wollen mehr werden und hoffen immer, dass neue Leute dazu kommen. Aber Schwankungen sind normal. Und mit nur 6 Leuten ist die Diskussion effektiver. Zumindest aus meiner (durchaus subjektiven) Sicht, war es der inhaltlich bisher wertvollste Abend.<\/p>\n<p>Das Thema &#8222;Staatsschulden&#8220; haben wir ziemlich ausf\u00fchrlich beleuchtet. Als Ausgangspunkt diente der Artikel von Paul Steinhart <a href=\"https:\/\/makroskop.eu\/2015\/07\/die-staatsschuldenkrise-eine-fata-morgana\/\">hier verlinkt<\/a>.<br \/>\nWir sprachen dar\u00fcber:<\/p>\n<ul>\n<li>wann Staatsschulden ein Problem sind (z.B. Griechenland) und wann nicht (f\u00fcr L\u00e4nder mit souver\u00e4ner W\u00e4hrung).<\/li>\n<li>Ob L\u00e4nder mit einer souver\u00e4nen W\u00e4hrung sich im Ausland verschulden k\u00f6nnen, ohne Probleme zu bekommen. (Nein, aber das ist eigentlich kein origin\u00e4res Problem der Staatsverschuldung, sondern ein Problem unausgeglichener Handelsbilanzen, die immer Probleme machen &#8211; unabh\u00e4ngig davon ob der Staat, oder die Privaten die Schuldner sind)<\/li>\n<li>Bei der Diskussion ist uns auch schmerzlich klar geworden, dass wir keine \u00d6konomen sind und wir nie ganz sicher sind, ob wir alles wirklich 100%ig richtig verstanden haben. (Aber vermutlich geht das einer ganzen Menge \u00d6konomen in diesem Land genauso. . . )<br \/>\nMakroskop bietet ein nahezu unersch\u00f6pfliches Reservoir an Texten die helfen, aber wir bleiben Normalb\u00fcrger.<br \/>\nDennoch reicht unser Verst\u00e4ndnis einiges an Fehlern unserer Politiker klar zu erkennen.<\/li>\n<li>Wir machten einen Ausflug, in die etwas theoretische Situation, einer Wirtschaft die an der Auslastungsgrenze arbeitet, und welche Bedeutung das f\u00fcr die Auswirkungen von Angebot und Nachfrage auf die Preisentwicklung haben k\u00f6nnte. Hier sind wir nicht so recht zu einer gemeinsamen Position gekommen, au\u00dfer dass es eben eine ziemlich theoretische Diskussion ist &#8211; hat aber trotzdem Spa\u00df gemacht und fordert das Hirn raus &#8211; meins jedenfalls.<\/li>\n<li>Auch haben wir uns nochmals die Gr\u00fcnde f\u00fcr die Entwicklung von Inflation angesehen. Denn das am h\u00e4ufigsten genannte Argument gegen &#8222;das b\u00f6se Gelddrucken vom Staat&#8220;, die Behauptung ist, dass dies zu Inflation f\u00fchrt. Empirisch ist diese Behauptung jedenfalls nicht haltbar.<\/li>\n<\/ul>\n<p>Am Ende verlagerten wir die Diskussion in die Eckkneipe gegen\u00fcber. Auch hier waren alle mit dabei und wir behandelten noch ein wenig kontrovers das Problem, wo 10\u20ac Schulden verschwinden, wenn man einen 10\u20ac Schein verbrennt. Ich lasse das hier mal offen, obwohl ich nat\u00fcrlich \u00fcberzeugt bin die einzig richtige Antwort zu kennen. . .<\/p>\n<p>Auch das &#8222;Dauerbrennerproblem&#8220;: Wie motiviert man die B\u00fcrger dazu sich mehr zu engagieren,<br \/>\nstand auf der Abendordnung.<br \/>\nWie immer bei Gespr\u00e4chen am Bierglas nat\u00fcrlich ohne endg\u00fcltige L\u00f6sung, aber mit der klaren Ansage: &#8222;Wir arbeiten dran!&#8220;<\/p>\n<p>Freu\u00b4 mich schon auf\u00b4s n\u00e4chste Mal &#8211; bestimmt sind wir dann auch wieder ein paar mehr. . .<\/p>\n<\/details>\n<details>\n<summary>16.04.2018 <\/summary>\n<p>Nur 3 von uns und kein Schl\u00fcssel. Trend oder H\u00e4ufung zuf\u00e4lligen nicht k\u00f6nnens?<br \/>\nDie Frage steht im Raum. Wird sich in Zukunft weisen. . .<br \/>\nWir machen aus der Not eine Tugend und gehen gleich einen Trinken.<br \/>\nZu dritt sind die Gespr\u00e4che konzentrierter. Da jeder einzelne nun auch mehr zu Wort kommt empfinden wir alle 3 den Abend als angenehm produktiv. Keine schlechte Erfahrung.<br \/>\nWir k\u00f6nnen jeder Kleingruppe, die sich &#8218;abseits&#8216; unserer Haupttreffen irgendwo in einer Kneipe trifft nur ermuntern das zu tun. Es macht Spa\u00df. Keiner von uns empfindet den Abend als verschwendet.<br \/>\nDennoch bleibt zumindest bei mir ein wenig die Bef\u00fcrchtung, dass das ein Trend ist und wir eine Kleingruppe bleiben, obwohl wir alle das Ziel haben mehr Leute zu werden. . .<\/p>\n<\/details>\n<details>\n<summary>14.05.2018 <\/summary>\n<p>9 Makroskopen am Start.<br \/>\nKein Neuzugang, aber bei Wolfgang haben sich 2 Neue gemeldet, die nur dieses Mal noch keine Zeit haben.<br \/>\nAu\u00dferdem besteht nun Kontakt zu den Pluralen \u00d6konomen. Zusammenarbeit angedacht. Mal sehen was sich daraus ergibt. Etwas aus dem Bauch heraus springen wir thematisch von Ast zu Ast. . .<br \/>\nTypische Makroskop Themen, wie Schulden + Guthaben = 0, Staatsschulden, Handelsbilanzungleichgewichte werden kontrovers besprochen. Auch ein Thema das wir bisher nicht auf dem Schirm hatten &#8211; Target 2 Salden &#8211; f\u00fchrt dazu, dass wir uns zu geringe Kenntnisse bescheinigen m\u00fcssen. Wir sind uns noch nicht mal einig, ob Target 2 \u00fcberhaupt ein wichtiges Thema ist, oder nicht v\u00f6llig \u00fcbersch\u00e4tzt wird. . .<br \/>\nDie logische Konsequenz: Das Thema kommt auf die Themenliste und wird in naher Zukunft irgendwann auf der Tagesordnung stehen.<br \/>\nUnsere Selbstfindung ist irgendwie immer noch am Laufen. Obwohl das Wesentliche doch Klar ist. Wir treffen uns sowohl um unsere Kenntnisse zu vertiefen, als auch um aktiv Makroskop Themen in\u00b4s Volk zu bringen.<br \/>\nElke schl\u00e4gt vor per Email- Liste und Fotos von uns und mit kurzer Selbstbeschreibung uns pers\u00f6nlich etwas besser Kennen zu lernen. Mal sehen was sich aus der Idee noch entwickelt.<br \/>\nUnsere Plattform auf B\u00fcrgergemeinschaften.de kommt in der Nutzung etwas zu kurz. Denn eigentlich hat das Thema Arbeitszeitverk\u00fcrzung derzeit die h\u00f6chste Zustimmung. (6 mal Ja &#8211; ohne Gegenstimmen) Dennoch wollen wir 9 an diesem Abend uns dieses Themas nicht annehmen. Auch f\u00fcr die n\u00e4chste Sitzung entscheiden wir uns in der Eckkneipe f\u00fcr das Thema Schulden + Guthaben = 0. Oder etwas wissenschaftlicher formuliert: Saldenmechanik.<br \/>\nLinks zu dem Thema f\u00fcr die Vorbereitung kann jeder auf der n\u00e4chsten Ebene des Juni- Termins auf B\u00fcrgergemeinschaften.de finden.<br \/>\nIn der Eckkneipe gibt es noch einige interessante und heftige Gespr\u00e4che sowie spannende Ideen. Ich gehe heiser Heim. Hat wieder mal richtig Spa\u00df gemacht.<\/p>\n<\/details>\n<details>\n<summary>18.06.2018 <\/summary>\n<p>Diesmal zu acht. Kein Neuzugang.<br \/>\nWir haben uns erst mal \u00b4ne halbe Stunde vor der T\u00fcr zu allgemeinen Themen ausgelassen.<br \/>\nDann nach drinnen verlagert und unser geplantes Thema gestartet.<br \/>\nSchulden + Guthaben = 0<br \/>\nDie Diskussion war intensiv und kontrovers, was wohl an meinem &#8222;ungew\u00f6hnlichen Zugang&#8220; zu dem Thema lag. Ich hatte die Vorstellung (und einen entsprechenden Artikel geschrieben <a href=\"https:\/\/bernauers.de\/historisches\/2018\/05\/15\/schulden-und-guthaben\/\">hier verlinkt<\/a>), das Thema so anzugehen, dass man weder unser komplexes Geldsystem, noch sonst eine wissenschaftliche Vorbildung haben muss, und dennoch nachvollziehen kann, dass Schulden und Guthaben immer in gleicher H\u00f6he entstehen und auch beide immer in gleicher H\u00f6he sich wieder ausl\u00f6schen.<br \/>\nAuch wenn wir mit meinem Zugang zu dem Thema nicht einer Meinung waren, waren wir uns am Ende doch alle einig, dass die Summe aller Guthabe und die Summe aller Schulden auf dieser Welt immer exakt gleich Null sind.<br \/>\nEs bleibt ein schwer zu erkl\u00e4rendes Thema, aber es ist auch eine wesentliche Grundlage f\u00fcr das Verst\u00e4ndnis jedes Wirtschaftssystems und wird uns wahrscheinlich zu recht noch \u00f6fter besch\u00e4ftigen.<\/p>\n<p>So nach und nach ging die Diskussion immer mehr in die Breite, bis wir am Ende thematisch mal wieder &#8222;von Ast zu Ast h\u00fcpften&#8220; &#8211; was ja auch Spa\u00df macht. . .<br \/>\nZu kurz gekommen sind geplante Aktionen &#8211; allerdings haben wir bis Dezember ja auch noch Zeit.<br \/>\nDa soll dann die Buchvorstellung mit Flassbeck und Steinhart kommen &#8211; wir hoffen daraus wird was.<\/p>\n<p>Als alternativen Tag f\u00fcr unsere Treffen hat sich der Donnerstag ergeben. Evtl. ist daf\u00fcr auch ein anderer Treffpunkt m\u00f6glich. Wir arbeiten dran.<br \/>\nWer das hier also liest und Montags selten oder nie Zeit hat und uns gerne mal treffen will, kann sich gerne bei mir per Email melden. <a href=\"mailto:stefan@bernauers.de\">stefan@bernauers.de<\/a><\/p>\n<p>F\u00fcr\u00b4s n\u00e4chste Treffen haben wir noch kein Thema festgelegt &#8211; bin gespannt, ob wir daf\u00fcr mal wieder auf <a href=\"https:\/\/b\u00fcrgergemeinschaften.de\/\">https:\/\/b\u00fcrgergemeinschaften.de <\/a>zur\u00fcckgreifen. . .<\/p>\n<\/details>\n<details>\n<summary>16.07.2018 <\/summary>\n<p>6 Makroskopen am Start.<br \/>\nDiesmal hatten wir kein vorher festgelegtes Thema.<br \/>\nUnd haben uns auch gleich in die Eckkneipe verzogen zum gem\u00fctlichen Gespr\u00e4ch beim Essen und Trinken.<br \/>\nEine breit gef\u00e4cherter Themenstrau\u00df mit einem Schwerpunkt auf der geplanten Aktion, die am 27.11.2018 in der Uni Mannheim stattfinden soll, wurde besprochen.<br \/>\nAuch der alternative Tag f\u00fcr unsere Treffen war noch mal Thema. Wir wollen das, aber irgendwie ist es auch nicht konkreter geworden. Ich h\u00e4tte eine kostenlose Lokation f\u00fcr Donnerstags &#8211; aber das ist in Schriesheim. . .<br \/>\nWir bleiben dran. . .<\/p>\n<p>F\u00fcr n\u00e4chstes Mal haben sich die Mannheimer Pluralos angek\u00fcndigt. Denke das wird spannend.<br \/>\nDer Schwerpunkt wird also sicher wieder auf unserer Aktion liegen.<\/p>\n<\/details>\n<details>\n<summary>20.08.2018 <\/summary>\n<p>Wegen Renovierungsarbeiten im Laden f\u00fcr Kultur und Politik, trafen wir uns zu acht im &#8222;Schwarzen Peter&#8220; &#8211; der Eckkneipe Gegen\u00fcber.<br \/>\nUnd wieder mal hatten wir kein klar umrissenes Thema.<br \/>\nDa unsere geplante Aktion, auf Februar 2019 verschoben wurde, stand ja auch wenig konkretes an.<br \/>\nImmerhin haben wir beschlossen uns zwischendurch noch einmal extra zu Treffen. Ich frage in der Schriesheimer Pizzeria &#8222;La Pineta&#8220; nach einem freien Donnerstag und schicke \u00b4ne Infomail an alle.<br \/>\nDie Mannheimer Pluralos hatten abgesagt. Werden aber sicher ein anderes Mal kommen.<br \/>\nWir hatten die Idee, &#8222;Vortrags- Bausteine&#8220; zu ein paar zentralen Makroskop- Themen zu entwickeln. Diese k\u00f6nnten wir verschiedenen Ortsgruppen in und um Heidelberg anbieten und dort versuchen etwas in Richtung breiteres Verst\u00e4ndnis f\u00fcr unser Wirtschaftssystem zu bewegen.<br \/>\nGegen sp\u00e4ter spielte sich die &#8222;Diskussion&#8220;, oder das &#8222;wilde von Ast zu Ast springen&#8220; auf das Thema Kapitalismuskritik ein und drehte sich um Fragen, wie: Vertr\u00e4gt sich eine Marktwirtschaft mit der Demokratie.<br \/>\nWie immer bei so allgemeinen Themen gibt es hier nat\u00fcrlich gro\u00dfe Unterschiede, in unserer Weltbildern. Aber das ist es ja am Ende, was einen solchen Abend so interessant macht.<br \/>\n<\/details>\n<p>&nbsp;<\/p>\n","protected":false},"excerpt":{"rendered":"<p>6 Teilnehmer des Makroskop Jahrestreffens 2017 in Wiesbaden vereinbarten auf Initiative von Wolfgang Selig sich vor Ort regelm\u00e4\u00dfig zu treffen, um \u00fcber wirtschaftspolitische Themen zu sprechen. Am 12.12.2017 berichtete das Online-Magazin &#8222;Makroskop&#8220; \u00fcber die bevorstehende Gr\u00fcndung des ersten Makroskop- Gespr\u00e4chskreises in Heidelberg am&nbsp;20.11.2017 um 19:30 Uhr im &#8222;LADEN f\u00fcr Kultur und Politik&#8220; &#8211; Kaiserstra\u00dfe 62 &hellip; <a href=\"https:\/\/bernauers.de\/historisches\/2017\/12\/22\/die-anfaenge-der-makroskopen-heidelberg\/\" class=\"more-link\"><span class=\"screen-reader-text\">Die Anf\u00e4nge der &#8218;Makroskopen&#8216; Heidelberg<\/span> weiterlesen <span class=\"meta-nav\">&rarr;<\/span><\/a><\/p>\n","protected":false},"author":1,"featured_media":0,"comment_status":"open","ping_status":"open","sticky":false,"template":"","format":"standard","meta":{"footnotes":""},"categories":[3],"tags":[],"class_list":["post-157","post","type-post","status-publish","format-standard","hentry","category-makroskop"],"_links":{"self":[{"href":"https:\/\/bernauers.de\/historisches\/wp-json\/wp\/v2\/posts\/157","targetHints":{"allow":["GET"]}}],"collection":[{"href":"https:\/\/bernauers.de\/historisches\/wp-json\/wp\/v2\/posts"}],"about":[{"href":"https:\/\/bernauers.de\/historisches\/wp-json\/wp\/v2\/types\/post"}],"author":[{"embeddable":true,"href":"https:\/\/bernauers.de\/historisches\/wp-json\/wp\/v2\/users\/1"}],"replies":[{"embeddable":true,"href":"https:\/\/bernauers.de\/historisches\/wp-json\/wp\/v2\/comments?post=157"}],"version-history":[{"count":23,"href":"https:\/\/bernauers.de\/historisches\/wp-json\/wp\/v2\/posts\/157\/revisions"}],"predecessor-version":[{"id":1050,"href":"https:\/\/bernauers.de\/historisches\/wp-json\/wp\/v2\/posts\/157\/revisions\/1050"}],"wp:attachment":[{"href":"https:\/\/bernauers.de\/historisches\/wp-json\/wp\/v2\/media?parent=157"}],"wp:term":[{"taxonomy":"category","embeddable":true,"href":"https:\/\/bernauers.de\/historisches\/wp-json\/wp\/v2\/categories?post=157"},{"taxonomy":"post_tag","embeddable":true,"href":"https:\/\/bernauers.de\/historisches\/wp-json\/wp\/v2\/tags?post=157"}],"curies":[{"name":"wp","href":"https:\/\/api.w.org\/{rel}","templated":true}]}}