{"id":1258,"date":"2020-01-21T18:52:23","date_gmt":"2020-01-21T17:52:23","guid":{"rendered":"https:\/\/bernauers.de\/historisches\/?p=1258"},"modified":"2020-02-22T16:05:00","modified_gmt":"2020-02-22T15:05:00","slug":"buerger-solarpark","status":"publish","type":"post","link":"https:\/\/bernauers.de\/historisches\/2020\/01\/21\/buerger-solarpark\/","title":{"rendered":"B\u00fcrger- Solarpark"},"content":{"rendered":"\n<p>Dies ist so ungef\u00e4hr der Vortrag den ich am 21.01.2020 beim BGS Treffen gehalten habe. Zum Nachlesen f\u00fcr die, die nicht dabei sein konnten und f\u00fcr alle, die noch mal nachlesen wollen was ich da so ungef\u00e4hr gesagt habe, oder sich f\u00fcr die Links interessieren, um sich ausf\u00fchrlicher mit dem Thema zu befassen. . . <\/p>\n\n\n\n<h2 class=\"wp-block-heading\">Inhalt des Vortrags &#8211; Wor\u00fcber rede\/schreibe ich:<\/h2>\n\n\n\n<ol class=\"wp-block-list\"><li>Konzept der BGS<\/li><li>\u00dcber den Tellerrand &#8211; Klimawandel<\/li><li>B\u00fcrger- Solarpark<\/li><\/ol>\n\n\n\n<h2 class=\"wp-block-heading\">1. Konzept der BGS<\/h2>\n\n\n\n<p>Warum red&#8216; ich dar\u00fcber? Weil vielleicht Besucher da sind, die unser Konzept noch nicht kennen, oder noch nicht so genau kennen. <\/p>\n\n\n\n<p>\u00dcber die Wahl der Parteien bietet unsere Demokratie alle 4 bis 5 Jahre (Bund 4, Kommunal 5 etc.) eine Richtungsentscheidung an. Und die B\u00fcrger geben Ihre Entscheidungsbefugnis f\u00fcr diesen Zeitraum an die Parteien (oder die direkt gew\u00e4hlten Personen) ab. <\/p>\n\n\n\n<p>B\u00fcrger m\u00fcssen sich also alle paar Jahre nach Parteilinien einordnen, oder ihre &#8222;Macht&#8220; an die Politiker abtreten, oder sie sind Nicht- W\u00e4hler. <\/p>\n\n\n\n<p>Was aber, wenn man bei verschiedenen Themen unterschiedlichen Parteien zustimmt? <br>Was, wenn man die Themen, die die n\u00e4chsten 5 Jahre im Gemeinderat auf den Tisch kommen noch gar nicht kennt? <br>Und was ist mit Themen, bei denen man keiner Partei zustimmt?<br>(Es gibt einstimmige Beschl\u00fcsse im Gemeinderat und gut informierte B\u00fcrger, die diese Beschl\u00fcsse fachlich gut begr\u00fcndet f\u00fcr den gr\u00f6\u00dften Unsinn halten &#8211; die haben in dieser Sache trotz h\u00f6chster Fachkompetenz keine Stimme, denn die haben sie bei der letzten Wahl abgegeben!)<\/p>\n\n\n\n<p>Die BGS ist ein Angebot f\u00fcr solche Probleme!<br>Sie ist themenorientiert und \u00fcberparteilich und es kann immer gew\u00e4hlt werden! <br>Ebenso kann jeder B\u00fcrger auch immer wieder neue Ideen einbringen. <br>Leider haben viele das noch nicht so richtig verstanden (oder wollen es nicht glauben), weshalb ich mir den Mund fusselig rede und die Finger wund schreibe. <\/p>\n\n\n\n<p>Unsere Selbstwahrnehmung und die Fremdwahrnehmung unterscheiden sich. (Die Parteien als Farbige Kreise dargestellt, die BGS als orangene Punkte bzw. in der Fremdwahrnehmung eben auch ein orangener Kreis): <\/p>\n\n\n\n<div class=\"wp-block-group\"><div class=\"wp-block-group__inner-container is-layout-flow wp-block-group-is-layout-flow\">\n<div class=\"wp-block-columns is-layout-flex wp-container-core-columns-is-layout-9d6595d7 wp-block-columns-is-layout-flex\">\n<div class=\"wp-block-column is-layout-flow wp-block-column-is-layout-flow\">\n<figure class=\"wp-block-image size-large\"><img loading=\"lazy\" decoding=\"async\" width=\"300\" height=\"300\" src=\"https:\/\/bernauers.de\/historisches\/wp-content\/uploads\/sites\/2\/2020\/01\/Parteienspektrum-Schriese2.jpg\" alt=\"\" class=\"wp-image-1272\" srcset=\"https:\/\/bernauers.de\/historisches\/wp-content\/uploads\/sites\/2\/2020\/01\/Parteienspektrum-Schriese2.jpg 300w, https:\/\/bernauers.de\/historisches\/wp-content\/uploads\/sites\/2\/2020\/01\/Parteienspektrum-Schriese2-150x150.jpg 150w\" sizes=\"auto, (max-width: 300px) 100vw, 300px\" \/><\/figure>\n\n\n\n<p>Selbstwahrnehmung<\/p>\n<\/div>\n\n\n\n<div class=\"wp-block-column is-layout-flow wp-block-column-is-layout-flow\">\n<figure class=\"wp-block-image size-large\"><img loading=\"lazy\" decoding=\"async\" width=\"300\" height=\"300\" src=\"https:\/\/bernauers.de\/historisches\/wp-content\/uploads\/sites\/2\/2020\/01\/Parteienspektrum-Schriese.jpg\" alt=\"\" class=\"wp-image-1273\" srcset=\"https:\/\/bernauers.de\/historisches\/wp-content\/uploads\/sites\/2\/2020\/01\/Parteienspektrum-Schriese.jpg 300w, https:\/\/bernauers.de\/historisches\/wp-content\/uploads\/sites\/2\/2020\/01\/Parteienspektrum-Schriese-150x150.jpg 150w\" sizes=\"auto, (max-width: 300px) 100vw, 300px\" \/><\/figure>\n\n\n\n<p>Fremdwahrnehmung<\/p>\n<\/div>\n<\/div>\n<\/div><\/div>\n\n\n\n<p>Parteien m\u00fcssen (sollten jedenfalls) verl\u00e4sslich eine Richtung vertreten. (M\u00f6glichst vor und nach der Wahl die gleiche. . . ) <br>Die BGS darf das nicht! Sie muss ihre Position \u00fcberparteilich und zu jedem Thema neu an der Mehrheit der interessierten B\u00fcrger ausrichten k\u00f6nnen. <br>Wir vertreten Themen in Absprache mit den B\u00fcrgern (nat\u00fcrlich nur mit denen, die uns was mitteilen. Wer schweigt und hinterher meckert, dem k\u00f6nnen wir nicht helfen. . . ). Nicht jedoch eine parteipolitische Richtung!<br>Was machen wir heut&#8216; Abend draus?<\/p>\n\n\n\n<p>Vor der Wahl hatte uns keiner zum Thema &#8222;B\u00fcrgersolarpark&#8220; befragt. Wir wussten zum gr\u00f6\u00dften Teil noch nicht mal, dass es da Planungen gibt. <br>Dieses Thema kam erst am 17.12.2019 \u00fcber bg-schriesheim.de bei uns an. <br><br>Im n\u00e4chsten Treffen haben wir das zum Januar- Thema gemacht. Das ist der Grund weshalb ich diesen Vortrag gehalten habe &#8211; bzw. hier schreibe. <br>Jeder kann sich also ein eigenes Bild machen, ob wir unser Wahlversprechen einhalten, dass die B\u00fcrger uns die Themen vorgeben. . . <\/p>\n\n\n\n<p>Wir laden <strong>alle<\/strong> B\u00fcrger ein und wir geben hier <strong>keine<\/strong> Meinung vor. <br>Aber unsere Position alle Meinungen anzuh\u00f6ren, steht fest! &#8211; Mit Beliebigkeit hat unsere Position also nichts zu tun!<br>Wir wollen informieren, damit sich jeder eine Meinung bilden kann und dann nach der Mehrheit fragen. <br>Das ist unser Konzept! <\/p>\n\n\n\n<p>Es ist nicht die Aufgabe der BGS Euch zu sagen wie Ihr etwas sehen sollt. <br>Es ist Eure Aufgabe der BGS zu sagen, welche Meinung ihr habt, damit wir die Mehrheitsmeinung vertreten k\u00f6nnen. <br>Wenn Informationen fehlen, versuchen wir sie zu beschaffen (obwohl es eigentlich nicht unsere Aufgabe w\u00e4re &#8211; Wozu haben wir Parteien, die Stadtverwaltung und Medien &#8211; mal schauen wie gut die Ihre Arbeit gemacht haben. . . )<br>Wir vertreten dann die Meinung der Mehrheit, der gut informierten und interessierten B\u00fcrger zu dem aktuellen Thema. <\/p>\n\n\n\n<p>Das Thema heute ist der B\u00fcrger- Solarpark und dieses Thema m\u00f6chte ich zuerst in das gr\u00f6\u00dfere Thema &#8222;Klimawandel&#8220; einbetten. <br>Ich beschreibe hier nicht meine Meinung, sondern das Spektrum der Meinungen!<\/p>\n\n\n\n<p>Ein Meinungsspektrum darstellen und eine Meinung vertreten, sind 2 v\u00f6llig unterschiedliche Dinge. <br>F\u00fcr uns ist es aber wichtig alle Meinungen zu h\u00f6ren. <\/p>\n\n\n\n<p>Wer schon eine festgef\u00fcgte Meinung hat, wird mit dem was ich hier  sage\/schreibe m\u00f6glicherweise unzufrieden sein, weil ich nicht nur seine Meinung, sondern  auch andere Meinungen, denen er <strong>nicht<\/strong> zustimmt, vorstelle. <br>(Auch Meinungen denen ich selbst <strong>nicht<\/strong> zustimme!)<br>Aber so ist es nun mal in der Demokratie. . . <br>Los geht&#8217;s:<\/p>\n\n\n\n<h2 class=\"wp-block-heading\">2. Klimawandel<\/h2>\n\n\n\n<p>Das Thema ist offensichtlich nicht auf Schriesheim begrenzt &#8211; und es bewegt die Gem\u00fcter. <br>Man kann uns also sicher nicht vorwerfen, wir suchen uns nur die einfachen Themen raus. . . <br>Tats\u00e4chlich suchen wir uns gar keine Themen aus &#8211; wir bekommen sie von Euch vorgesetzt. <\/p>\n\n\n\n<p>Der Klimawandel ist der Grund daf\u00fcr, dass ein &#8222;B\u00fcrger- Solarpark&#8220; in Schriesheim \u00fcberhaupt diskutiert wird. <br>Daher soll das Spektrum der Meinungen zu diesem \u00fcbergeordneten Thema hier auch zumindest mal angesprochen werden. <\/p>\n\n\n\n<p>Ich beginne mal mit einem Zitat von Christian Wolf (aus der RNZ):<\/p>\n\n\n\n<blockquote class=\"wp-block-quote is-layout-flow wp-block-quote-is-layout-flow\"><p> &#8222;Niemand unternimmt etwas. Wir k\u00f6nnten jetzt ein Zeichen setzen, ein beschleunigtes Verfahren fordern, dass es sich nicht um Jahre verz\u00f6gert. <br> Sonst machen wir mit denen gemeinsame Sache, die den Klimawandel leugnen&#8220;, betont Wolf. <\/p><cite> <a href=\"https:\/\/www.rnz.de\/nachrichten\/bergstrasse_artikel,-schriesheim-so-geht-es-im-solarpark-streit-weiter-_arid,486213.html\">https:\/\/www.rnz.de\/nachrichten\/bergstrasse_artikel,-schriesheim-so-geht-es-im-solarpark-streit-weiter-_arid,486213.html<\/a> <\/cite><\/blockquote>\n\n\n\n<p>Wir k\u00f6nnten uns also als &#8222;erste Ann\u00e4herung an das Thema&#8220; mal 2 Extrem- Positionen vorstellen. Die, die f\u00fcr den Klimaschutz aktiv werden wollen und die &#8222;die den Klimawandel leugnen&#8220;. <br>Nun ist &#8222;Klimawandel- Leugner&#8220; kein neutraler Begriff. <br>Denn wenn man Leute &#8222;aus dieser Ecke&#8220; fragt, dann leugnen die den Klimawandel ja gar nicht, sondern bezeichnen sich als Klima- Realisten und die &#8222;anderen&#8220; als &#8222;Klima- Hysteriker&#8220;, was nat\u00fcrlich auch kein neutraler Begriff ist. <br>Ich werde also mal <strong>vorl\u00e4ufig<\/strong>, von Aktivisten und Beschwichtigern sprechen &#8211; auch nicht das Gelbe vom Ei, aber irgendeine Bezeichnung brauch ich jetzt erst mal. . . <\/p>\n\n\n\n<div class=\"wp-block-columns is-layout-flex wp-container-core-columns-is-layout-9d6595d7 wp-block-columns-is-layout-flex\">\n<div class=\"wp-block-column is-layout-flow wp-block-column-is-layout-flow\" style=\"flex-basis:25%\">\n<p><strong>Aktivisten<br><\/strong>IPCC<br>Al Gore<br>Club of Rome<br>Greta Thunberg<br>Scientists for future<br>Klimahysteriker<\/p>\n<\/div>\n\n\n\n<div class=\"wp-block-column is-layout-flow wp-block-column-is-layout-flow\" style=\"flex-basis:50%\">\n<p>&lt;&#8212;&#8212;&#8212;&#8212;&#8212;&#8212;&#8212;&#8212;&#8212;&#8212;&#8212;&#8212;&#8212;&#8212;&#8212;&#8212;&#8212;&#8212;&gt;<\/p>\n<\/div>\n\n\n\n<div class=\"wp-block-column is-layout-flow wp-block-column-is-layout-flow\" style=\"flex-basis:25%\">\n<p><strong>Beschwichtiger<\/strong><br>NIPCC<br>Trump<br>Eike<br>Naomi Seibt<br>Ivar Giaver<br>Klimaleugner<\/p>\n<\/div>\n<\/div>\n\n\n\n<p>Befasst man sich mit den Positionen einiger Wissenschaftler etwas genauer, dann kommt man zunehmend in Zweifel, ob diese Einteilung ausreicht. <br>Beispiele:<\/p>\n\n\n\n<ul class=\"wp-block-list\"><li>Ich beginne mit dem IPCC: <br>&#8222;Climate Change 2013: The Physical Science Basis. Contribution of Working Group I to the Fifth Assessment Report of the Intergovernmental Panel on Climate Change&#8220; Hier der <a href=\"https:\/\/archive.ipcc.ch\/pdf\/assessment-report\/ar5\/wg1\/WG1AR5_Chapter01_FINAL.pdf\">Link zum pdf<\/a>. <br>In Kapitel 1 der &#8222;Introduction&#8220; auf Seite 126 wird beschrieben, dass die W\u00e4rmestrahlung der Erde (longwave radiation) von den Treibhausgasen absorbiert und dann wieder in alle Richtungen emittiert wird. Der nach unten gerichtete Teil die &#8222;R\u00fcckstrahlung&#8220; erhitzt die unteren Schichten der Atmosph\u00e4re und der Erdoberfl\u00e4che [adds heat to the lower layers of the atmosphere and to the Earth\u2019s surface (greenhouse effect].<br>Solche Erkl\u00e4rungen des Treibhaus- Effekts sto\u00dfen auf der anderen Seite des Meinungsspektrums auf starken Widerspruch &#8211; z.B. bei :<\/li><li>Dr. Ralf D. Tscheuschner und Prof. Dr. rer. nat. Gerhard Gerlich: Theoretische Physiker, die den CO2 Treibhauseffekt f\u00fcr nicht existent halten, da nach dem 2. thermodynamischen Hauptsatz der Physik ein k\u00e4lterer K\u00f6rper (die Atmosph\u00e4re) einen w\u00e4rmeren K\u00f6rper (die Erdoberfl\u00e4che) nicht erw\u00e4rmen kann. <br>Homepage von <a href=\"http:\/\/tsch.de\/indexpc.html\">Tscheuschner<\/a>. <br><a href=\"https:\/\/www.youtube.com\/watch?v=wCzAiVYSK2Q\">Youtube Video<\/a> Interview von Gerhard Wisnewski mit Gerlich. <\/li><li>Die Autoren L\u00fcdecke und Link kommentieren die Arbeit von Gerlich und Tscheuschner (die 2009 ver\u00f6ffentlicht wurde) im M\u00e4rz  2010  auf  der  Webseite  von  EIKE  &#8211; dem &#8222;Europ\u00e4isches Institut f\u00fcr Klima  &amp;  Energie&#8220;. <br>Sie glauben an den CO2 Treibhauseffekt. Geh\u00f6ren aber dennoch f\u00fcr viele Leute zu den &#8222;Klimaleugnern&#8220;. . . <\/li><li>Gerhard Kramm l\u00e4sst kein gutes Haar an L\u00fcdecke und Link, weil sie nach seiner Analyse ihr Kommentar &#8222;auf   haneb\u00fcchenem Unsinn beruht&#8220;. <br><a rel=\"noreferrer noopener\" aria-label=\"Hier zu finden (\u00f6ffnet in neuem Tab)\" href=\"http:\/\/tsch.de\/gerhard-kramm-20170217-zu-luedecke-und-link\/webfolder\/data\/Gerhard-Kramm-20170217-zu-Luedecke-und-Link-.pdf\" target=\"_blank\">Hier zu finden<\/a>, f\u00fcr alle die von Physik was verstehen (ein gewisses Verst\u00e4ndnis mathematischer Gleichungen w\u00e4re hilfreich, die Deutlichkeit der Sprache ist aber auch ohne Mathe klar erkennbar. . . ). <\/li><li>Sebastian L\u00fcning: Offizieller Gutachter der IPCC Spezialberichte zum 1,5 Grad Ziel (Reviewerliste<a href=\"https:\/\/www.ipcc.ch\/site\/assets\/uploads\/sites\/2\/2019\/02\/SR15_AnnexIV_Expert_Reviewers.pdf\"> hier<\/a>) und zu Ozeanen und Cryosph\u00e4re, sowie des 6. Klimasachstandsberichts. <br>Er wird seit Ver\u00f6ffentlichung seines Buches &#8222;Die Kalte Sonne&#8220; z.T. sehr deutlich zu den Beschwichtigern gestellt. Dabei ist er nach seiner eigenen <a href=\"http:\/\/www.luening.info\/#werde\">Homepage<\/a>  ausdr\u00fccklich Bef\u00fcrworter des Ausbaus erneuerbarer  Energien und glaubt definitiv an den menschgemachten Klimawandel. Wohin geh\u00f6rt er im Spektrum?<br>Ordnen Sie ihn selbst ein. Hier ein <a href=\"https:\/\/www.youtube.com\/watch?v=-0Re8K3_qxQ\">Youtube Video <\/a>von ihm. <\/li><li>Wieder andere glauben, dass CO2 in seiner Wirkung \u00fcbersch\u00e4tzt und andere Faktoren untersch\u00e4tzt werden &#8211; wie z.B. Bev\u00f6lkerungsentwicklung, St\u00e4dtebau, Stra\u00dfenbau, Monokulturen etc. <\/li><li>Ein deutsches Physikerteam will auch weg kommen von CO2- Energiequellen, sehen aber den K\u00f6nigsweg nicht in Solarzellen und Windr\u00e4dern, sondern in einer massiv verbesserten und inh\u00e4rent sicheren Atomkraft &#8211; dem <a href=\"https:\/\/dual-fluid-reaktor.de\/\">Dual- Fluid- Reaktor<\/a>. Sie geh\u00f6ren also eigentlich in die Ecke der CO2- Aktivisten, werden dort aber nicht gern gesehen. <\/li><li>Bjorn Lomborg war jahrelang Aktivist bei Greenpeace. Heute gilt er vielen als &#8222;Klimaleugner&#8220;, obwohl er sehr wohl immer noch an die menschgemachte Erderw\u00e4rmung glaubt &#8211; er widerspricht dem IPCC in seinen Analysen nicht. <br>Aber er glaubt, dass es zu keiner Klimakatastrophe kommen wird, wenn wir in aller Ruhe die negativen Folgen bek\u00e4mpfen, wenn sie da sind. Er ist wohl eine Art &#8222;beschwichtigender Aktivist&#8220;. . . :<br>Hier in der Sendung Report der ARD: <a href=\"https:\/\/www.youtube.com\/watch?v=wsaPBX2xnQY\">https:\/\/www.youtube.com\/watch?v=wsaPBX2xnQY<\/a><br>hier nur \u00fcber Bj\u00f6rn Lomborg, aber auf englisch:<br><a rel=\"noreferrer noopener\" href=\"https:\/\/www.youtube.com\/watch?v=5QyXduteiWE\" target=\"_blank\">https:\/\/www.youtube.com\/watch?v=5QyXduteiWE<\/a> <\/li><li>Wo w\u00fcrden Sie Hans Werner Sinn einordnen?<br>Er stimmt den Analysen des IPCC voll zu und will auch aktiv werden, h\u00e4lt den bisher eingeschlagenen Weg aber f\u00fcr v\u00f6llig verfehlt. <br><a rel=\"noreferrer noopener\" aria-label=\"Hier (\u00f6ffnet in neuem Tab)\" href=\"https:\/\/www.youtube.com\/watch?v=DKc7vwt-5Ho\" target=\"_blank\">Hier<\/a> erkl\u00e4rt er das ausf\u00fchrlich. (Wer es nicht ganz sehen m\u00f6chte, kann ca. ab 1:16 bis ca. 1:44 kucken)<br>&#8222;Carbon Leakage&#8220; nennt man sein zentrales <strong>\u00f6konomisches<\/strong> Argument. Das wird zwar nicht in breiter \u00d6ffentlichkeit besprochen, aber in der \u00d6konomik wird das Problem durchaus erkannt. (Ich war im Dezember bei einem Vortrag in der Uni HD dazu &#8211; das waren definitiv alles Aktivisten, aber das Problem sehen sie auch. . . ).<\/li><li>Prof. Heiner Flassbeck (der Prof. Sinn nicht leiden kann), teilt seine \u00f6konomische Analyse zumindest in Bezug auf Carbon Leakage, sieht aber in der Atomkraft (im Gegensatz zu Sinn) keine gute Alternative. Er h\u00e4lt mit guten Gr\u00fcnden eine weltweite Preissteuerung f\u00fcr unverzichtbar um etwas zu bewegen. Mehr Solarzellen bedeuten auch f\u00fcr ihn nicht weniger CO2. Hier z.B. zu finden: <a href=\"https:\/\/makroskop.eu\/2018\/01\/energiewende-schlaegt-jetzt-die-stunde-des-marktes\/\">Leider kein kostenloser Artikel. <\/a>Sie k\u00f6nnen aber den ersten Teil kostenlos lesen, in dem schon klar wird wohin die Reise geht. . . <\/li><\/ul>\n\n\n\n<p>Ich k\u00f6nnte diese Liste schier unendlich fortsetzen, aber ich glaube es ist klar geworden, was ich versuche darzustellen &#8211; eben ein Meinungsspektrum. Und das wird umso gr\u00f6\u00dfer, je intensiver man sich mit dem Thema befasst. . . <\/p>\n\n\n\n<p>Wenn man dieses Meinungsspektrum entdecken will, muss man offen f\u00fcr andere Meinungen sein und Zeit haben!<br>Nur wenige B\u00fcrger haben die Zeit und kein Mensch hat diese Zeit f\u00fcr alle Themen. <br>Daher m\u00fcssen wir uns auch bei der BGS die Aufgaben teilen. Wenn jeder sein Wissen zu den Themen, die ihn interessieren einbringt, dann k\u00f6nnen wir gemeinsam mehr in Erfahrung zu bringen und uns gegenseitig informieren. <\/p>\n\n\n\n<p>Unterschiedliche Meinungen sind dabei unausweichlich. <br>Nicht nur die Wissenschaftler, auch die B\u00fcrger lassen oft kein gutes Haar am jeweils anderen: <br>Wer auf Facebook einen kritischen Artikel verlinkt, &#8222;lebt hinterm Mond&#8220;, so ein Vorwurf im Wahlkampf an die BGS. . . <br>Die Art wie die Diskussion gef\u00fchrt wird, ist h\u00e4ufig ein Problem. <br>Wo gestritten wird, werden Physikprofessoren als &#8222;Sektierer&#8220; bezeichnet (Rahmstorf) und es wird von &#8222;haneb\u00fcchenem Unsinn&#8220; geredet (Kramm). <\/p>\n\n\n\n<p>Ist es in der Demokratie nicht so, dass man andere Meinungen gelten lassen muss?<br>Ist es in der Wissenschaft nicht so, dass man Argumente h\u00f6ren und beantworten muss? <\/p>\n\n\n\n<p>Das ist jedenfalls der Anspruch der BGS. <\/p>\n\n\n\n<p>Eine Meinung ist nicht in Stein gemeisselt und entwickelt sich im Lauf der Zeit. <br>Den anderen zuzuh\u00f6ren und mal nachzufragen, wie sie zu dieser anderen Meinung gelangt sind, kann dabei bestimmt nicht schaden. <\/p>\n\n\n\n<p>Es bleibt am Ende immer Ihre Entscheidung &#8211; Enthaltung ist \u00fcbrigens auch eine Option in der Demokratie. Keine Ahnung und keine Meinung ist manchmal besser als keine Ahnung, aber felsenfest \u00fcberzeugt. . . <br>Diskutieren Sie mit und teilen Sie uns Ihre Entscheidungen (sofern sie Schriesheim betreffen) mit. Daf\u00fcr haben wir M\u00f6glichkeiten geschaffen. Und darum soll es jetzt im engeren Sinne gehen:<br><\/p>\n\n\n\n<h2 class=\"wp-block-heading\">3. B\u00fcrger- Solarpark<\/h2>\n\n\n\n<p>Welche Informationen brauchen wir, um uns eine Meinung zu bilden?<br>Was wissen wir \u00fcber den geplanten &#8222;Schriesheimer B\u00fcrger- Solarpark&#8220;?<br>Woher wissen wir das?<br>Welches Meinungsspektrum gibt es?<\/p>\n\n\n\n<p>Alles was wir bisher zusammengetragen haben, finden Sie hier: <br><a href=\"https:\/\/www.bg-schriesheim.de\/InfoPortal.php\">https:\/\/www.bg-schriesheim.de\/InfoPortal.php<\/a><\/p>\n\n\n\n<p>Wir sind mit dem Sammeln von Informationen noch nicht fertig. Wir halten Sie auf dem Laufenden, sofern Sie das wollen. <\/p>\n\n\n\n<p>Am Ende meines Vortrages bleibt die wichtigste Frage offen: Wie entscheiden Sie? <br>Wenn Sie uns das mitteilen, werden wir darauf h\u00f6ren. <br>Am Ende sollte die Mehrheit der gut informierten und interessierten B\u00fcrger entscheiden. <\/p>\n\n\n\n<p>Sie sind dran!<\/p>\n","protected":false},"excerpt":{"rendered":"<p>Dies ist so ungef\u00e4hr der Vortrag den ich am 21.01.2020 beim BGS Treffen gehalten habe. Zum Nachlesen f\u00fcr die, die nicht dabei sein konnten und f\u00fcr alle, die noch mal nachlesen wollen was ich da so ungef\u00e4hr gesagt habe, oder sich f\u00fcr die Links interessieren, um sich ausf\u00fchrlicher mit dem Thema zu befassen. . . &hellip; <a href=\"https:\/\/bernauers.de\/historisches\/2020\/01\/21\/buerger-solarpark\/\" class=\"more-link\"><span class=\"screen-reader-text\">B\u00fcrger- Solarpark<\/span> weiterlesen <span class=\"meta-nav\">&rarr;<\/span><\/a><\/p>\n","protected":false},"author":1,"featured_media":0,"comment_status":"open","ping_status":"open","sticky":false,"template":"","format":"standard","meta":{"footnotes":""},"categories":[1],"tags":[],"class_list":["post-1258","post","type-post","status-publish","format-standard","hentry","category-allgemein"],"_links":{"self":[{"href":"https:\/\/bernauers.de\/historisches\/wp-json\/wp\/v2\/posts\/1258","targetHints":{"allow":["GET"]}}],"collection":[{"href":"https:\/\/bernauers.de\/historisches\/wp-json\/wp\/v2\/posts"}],"about":[{"href":"https:\/\/bernauers.de\/historisches\/wp-json\/wp\/v2\/types\/post"}],"author":[{"embeddable":true,"href":"https:\/\/bernauers.de\/historisches\/wp-json\/wp\/v2\/users\/1"}],"replies":[{"embeddable":true,"href":"https:\/\/bernauers.de\/historisches\/wp-json\/wp\/v2\/comments?post=1258"}],"version-history":[{"count":48,"href":"https:\/\/bernauers.de\/historisches\/wp-json\/wp\/v2\/posts\/1258\/revisions"}],"predecessor-version":[{"id":1389,"href":"https:\/\/bernauers.de\/historisches\/wp-json\/wp\/v2\/posts\/1258\/revisions\/1389"}],"wp:attachment":[{"href":"https:\/\/bernauers.de\/historisches\/wp-json\/wp\/v2\/media?parent=1258"}],"wp:term":[{"taxonomy":"category","embeddable":true,"href":"https:\/\/bernauers.de\/historisches\/wp-json\/wp\/v2\/categories?post=1258"},{"taxonomy":"post_tag","embeddable":true,"href":"https:\/\/bernauers.de\/historisches\/wp-json\/wp\/v2\/tags?post=1258"}],"curies":[{"name":"wp","href":"https:\/\/api.w.org\/{rel}","templated":true}]}}