{"id":1088,"date":"2019-07-11T15:28:45","date_gmt":"2019-07-11T13:28:45","guid":{"rendered":"https:\/\/bernauers.de\/historisches\/?p=1088"},"modified":"2019-07-13T11:04:01","modified_gmt":"2019-07-13T09:04:01","slug":"postengeschacher","status":"publish","type":"post","link":"https:\/\/bernauers.de\/historisches\/2019\/07\/11\/postengeschacher\/","title":{"rendered":"Postengeschacher ?"},"content":{"rendered":"\n<p>Dies ist mein erster Beitrag nach dem &#8222;Wahlerfolg&#8220; der BgS. <br>Ja, zugegeben einen Sitz von 28 im Gemeinderat zu bekommen ist keine Riesen- Sache. <br>Aber immerhin: Wir hatten wenig Zeit, geringen Bekanntheitsgrad, wenig Budget, keine Plakate und kein Programm &#8211; nur ein Konzept: &#8222;Demokratie&#8220;. <br>Jedenfalls was wir darunter verstehen &#8211; ernst machen mit B\u00fcrgerbeteiligung und offene und ehrliche Information der B\u00fcrger. <\/p>\n\n\n\n<p>Die erste Gemeinderatssitzung hat noch nicht stattgefunden und doch habe ich das Gef\u00fchl hier schon mal was schreiben zu m\u00fcssen. Also einfach mal naiv drauf los geschrieben: <\/p>\n\n\n\n<p>Das erste was ich mitbekommen habe, ist die Best\u00e4tigung dessen, was wir schon immer wussten: Hinter den Kulissen l\u00e4uft mehr, als \u00fcber die \u00f6ffentlichen Kan\u00e4le. <br>Das ist \u00b4ne Binsenweisheit und keine Neuigkeit, aber es ist f\u00fcr mich dennoch erw\u00e4hnenswert. <br><br><strong>Wieso? Wo ist denn das Problem? <br>Man kann doch die B\u00fcrger nicht mit jeder Kleinigkeit an Information \u00fcberladen. <\/strong><br>Stimmt.<br>Aber wer entscheidet was eine Kleinigkeit ist?<br>Der B\u00fcrger?<br>Kann er ja nicht, denn er wurde ja nicht informiert. . . <br>Also die Gew\u00e4hlten. <br>Was aber, wenn die auch nicht alle alles wissen?<br>Wie treffen die dann diese Entscheidungen?<br><br><strong><em>Wie bitte? &#8211; Die Gew\u00e4hlten wissen auch nicht alles?<\/em><\/strong><br>Nat\u00fcrlich nicht. Wenn sich ein Teil der Gemeinder\u00e4te trifft und etwas bespricht, dann wissen es ja die anderen nicht. <br>Andauernd kommt so was nat\u00fcrlich vor &#8211; wo Menschen sind, da menschelt\u00b4s. . . <br>Das ist ja auch erst mal gar kein Problem. <br>Warum sollte uns B\u00fcrger das interessieren?<br>Muss es nat\u00fcrlich nicht, aber was wenn doch?<br>Also \u00fcber welche Kleinigkeiten schreibe ich denn hier?<\/p>\n\n\n\n<p>Warum treffen sich Teile der SPD, FW und CDU schon vor der 1. Gemeinderatssitzung?<br>Geht es wom\u00f6glich um die Kandidatur von Herrn Mittelst\u00e4dt f\u00fcr das Amt des stellvertretenden B\u00fcrgermeisters?<br>Warum schlagen die Gr\u00fcnen unsere Lissy von der BgS als Mitglied im Marktausschuss vor?<br>Wir hatten nicht darum gebeten, nehmen das aber gerne an. <br>Beginnt hier aber nicht schon das <strong>Postengeschacher?<\/strong><br>Bekommt die BgS dann einen Sitz in einem Ausschuss, die AfD, die mehr Stimmen als die BgS erhalten hat aber keinen? <br>So k\u00f6nnte das n\u00e4mlich ausgehen, je nach dem wie Lissy bei der 1. Gemeinderatssitzung (in der vielleicht \u00fcber die Ausschu\u00df- Besetzung abgestimmt werden muss) ihre Stimmen abgibt. <br>K\u00f6nnten wir als BgS das vertreten? <br>Sollen wir uns sp\u00e4ter anh\u00f6ren, wir h\u00e4tten Fadime Tuncer als B\u00fcrgermeister- Stellvertreterin unterst\u00fctzt und im Gegenzug h\u00e4tten wir einen Sitz im Marktausschuss bekommen? <\/p>\n\n\n\n<p>Diese Behauptung w\u00e4re sachlich falsch &#8211; aber verst\u00e4ndlich. <br>Und es w\u00e4re sicher nicht die erste falsche Behauptung die geglaubt wird. <\/p>\n\n\n\n<h2 class=\"wp-block-heading\">Also zu den Fakten <br>(so weit ich sie kenne): <\/h2>\n\n\n\n<p>Wir haben immer klar gesagt, dass wir parteiunabh\u00e4ngig, der mehrheitlichen Meinung der B\u00fcrger mehr Geltung verschaffen wollen. <br>Wenn wir also gefragt werden, wer B\u00fcrgermeister- Stellvertreter werden soll, dann kann unsere Antwort nur Fadime Tuncer sein, denn sie hat 47% mehr Stimmen bekommen als Michael Mittelst\u00e4dt. <\/p>\n\n\n\n<p>Aber was ist mit der AfD? <br>Mit welcher Begr\u00fcndung sollen wir 3,41% der W\u00e4hler einen Sitz in einem Ausschuss verweigern, obwohl die BgS mit 3,26% einen Sitz bekommt?<br><br>Ich glaube wir sollten (auch wenn viele von uns aktiveren bei der BgS da anders empfinden) hier gem\u00e4\u00df unserem Konzept f\u00fcr alle B\u00fcrger Flagge zeigen und auf das B\u00fcrgervotum h\u00f6ren. <br>Demnach muss die AfD auch einen Sitz in einem Ausschuss bekommen &#8211; zumindest dann, wenn wir auch einen bekommen. <\/p>\n\n\n\n<p><strong><em>Und warum bekommt Ihr \u00fcberhaupt einen?<br>Stand nicht im Schreiben der Stadt, dass der BgS und der AfD eigentlich kein Sitz zusteht?<\/em><\/strong><\/p>\n\n\n\n<p class=\"has-small-font-size\">(Das hier angesprochene Schreiben der Stadt an die neuen Gemeinderatsmitglieder ist meines Erachtens nirgendwo \u00f6ffentlich &#8211; sobald ich rechtlich sicher beurteilen kann, ob ich das ver\u00f6ffentlichen darf, werde ich es gerne tun &#8211; interessierte B\u00fcrger k\u00f6nnen da gerne mal nachfragen) <\/p>\n\n\n\n<p>Nein, obwohl wir es am Anfang so verstanden haben. . . <br>Nach der Rechtslage m\u00fcssen die Ausschussmitglieder gew\u00e4hlt werden, wenn auch nur ein Gemeinderat dies w\u00fcnscht. <br>Wenn bei dieser Wahl die BgS die AfD in den ATU Ausschuss w\u00e4hlt und die AfD die BgS in den Marktausschuss, dann erhalten wir beide einen Sitz. <br>Die AfD und die BgS haben gemeinsam also die M\u00f6glichkeit je einen Sitz zu fordern, auch ohne dass die Gr\u00fcnen uns einen Sitz anbieten. <\/p>\n\n\n\n<p class=\"has-small-font-size\">(Diese, so weit ich es beurteilen kann sachlich korrekten Informationen, habe ich \u00fcbrigens von Thomas Kr\u00f6ber von der AfD erhalten &#8211; wieder Gespr\u00e4che von denen kein B\u00fcrger etwas zu h\u00f6ren bekommt. Solche Gespr\u00e4che f\u00fchre ich \u00fcbrigens mit allen m\u00f6glichen B\u00fcrgern und von allen Parteien, auch z.B. mit der Linken, die bei der letzten Wahl in Schriesheim leider gar nicht angetreten ist. . . )<\/p>\n\n\n\n<p>Sollen die AfD und die BgS nun also 12401 Stimmen der B\u00fcrger ignorieren? <br>Oder sich jeweils einen von insgesamt 36 Sitzen in den Aussch\u00fcssen sichern?<br>Ich denke letzteres entspricht unserem Konzept: Parteiunabh\u00e4ngig ernsthaft und entsprechend der Mehrheitsverh\u00e4ltnisse auf die B\u00fcrger h\u00f6ren. <br>Und nat\u00fcrlich die B\u00fcrger informieren. <br>Und auch wenn es keiner liest &#8211; ich habe meine Meinung \u00f6ffentlich gemacht. <\/p>\n\n\n\n<p><strong><em>Und was ist mit Qualifikation?<\/em><\/strong><br>Aus welchem Grund auch immer die Gr\u00fcnen Lissy den Sitz im Marktausschuss angeboten haben &#8211; offiziell wurde uns gesagt, dass die Gr\u00fcnen sie f\u00fcr geeignet halten. Da stimmen wir den Gr\u00fcnen und Gr\u00fcnInnen nat\u00fcrlich ausdr\u00fccklich zu \ud83d\ude09 <br>Thomas Kr\u00f6ber von der AfD ist Ingenieur. <br>In einem Ausschuss f\u00fcr Technik und Umwelt d\u00fcrfte er seine Fachkenntnis gebrauchen k\u00f6nnen. Mit einem Hinweis auf mangelnde Qualifikation w\u00e4re es wohl schwer ihn abzulehnen. . . <\/p>\n\n\n\n<p><strong><em>Aber was sagen die Leute und was schreiben die Zeitungen, wenn Ihr &#8222;die Gr\u00fcnen&#8220; und &#8222;die AfD unterst\u00fctzt&#8220;?<\/em><\/strong><br>Nur wer nicht gelesen, oder nicht verstanden hat was ich geschrieben habe, kann diese Frage ernsthaft stellen. <br>Wir unterst\u00fctzen nicht die Gr\u00fcnen, wenn wir Fadime Tuncer w\u00e4hlen, sondern die B\u00fcrger, die ihr bei der letzten Gemeinderatswahl  6056 Stimmen gegeben haben. <br>Wir unterst\u00fctzen nicht die AfD, sondern die B\u00fcrger, die der AfD   6.340 Stimmen und uns 6061 Stimmen gegeben haben, um uns und der AfD je einen von 36 Ausschusssitzen zu verschaffen. Das halte ich f\u00fcr das W\u00e4hlervotum, wenn man alle W\u00e4hler gleich ernst nimmt.Und das m\u00fcssen wir, wenn wir mit Demokratie ernst machen wollen. <\/p>\n\n\n\n<p>Was auch immer in den n\u00e4chsten 5 Jahren bei unserem Engagement herauskommen mag &#8211; ich glaube wir werden einigen Einflu\u00df haben. Jedenfalls mehr als uns die meisten zugetraut haben. <br>Wer was tut, bewegt auch was!<br>Auch wenn nicht jedem alles gef\u00e4llt was wir machen und wir manchen auf die F\u00fc\u00dfe treten werden &#8211; ich glaube den meisten wird das meiste von dem was wir zusammen erreichen werden gefallen. . . <\/p>\n\n\n\n<p>P.S.:<br>W\u00e4hrend ich das schreibe, schickt mir Melanie eine WhatsApp. (Danke!)<br> Die Gr\u00fcnen treffen sich gerade in Opfermanns Gasthaus am Schillerplatz &#8211; es geht darum dass Fadime Tuncer 1. B\u00fcrgermeister Stellvertreterin werden soll.<br>Die Gr\u00fcne Liste Schriesheim ruft auf ihrer Facebook Seite dazu auf und r\u00fchrt die Werbetrommel.<br>Na so was. . .<br>W\u00fcrden die Gr\u00fcnen eine solche Veranstaltung machen, wenn sie nicht die Bef\u00fcrchtung h\u00e4tten, dass Mittelst\u00e4dt eine Mehrheit bekommen k\u00f6nnte? <br>Wissen wir mal wieder nicht alles was l\u00e4uft?<br>Ich vermute es. . . <\/p>\n\n\n\n<p class=\"has-small-font-size\">(Erg\u00e4nzung vom 13.07.2019:<br>Ich habe gestern 3 Stunden mit Herrn Mittelst\u00e4dt gesprochen &#8211; Ja, wir wissen bei weitem nicht alles was l\u00e4uft und wenn ich mit allen anderen Gemeinder\u00e4ten spreche, werde ich noch mehr von dem geh\u00f6rt haben, was wir B\u00fcrger alles nicht wissen. . . <br>Und nat\u00fcrlich bin ich auch weder in der Lage mir das alles zu merken, noch es alles korrekt und wahrheitsgetreu zu beurteilen und erst recht nicht es hier alles zu ver\u00f6ffentlichen. . . <br>Dennoch bleibt es eine Tatsache, dass der B\u00fcrger nicht ordentlich informiert ist. H\u00e4ufig bekomme ich zu h\u00f6ren, dass der B\u00fcrger auch eine Holschuld h\u00e4tte &#8211; und ich stimme da durchaus zu, aber wir k\u00f6nnen uns Informationen nur dann holen, wenn sie in einer f\u00fcr den B\u00fcrger leicht zug\u00e4nglichen Form verf\u00fcgbar sind. <br>Das ist mit Sicherheit nicht der Fall und das muss weiterhin eines unserer Kernthemen sein! <br>Bis wir das erreicht haben, werden wir vermutlich h\u00e4ufig das Problem haben, dass wir B\u00fcrgervoten umsetzen m\u00fcssen, die auf schlechten, fehlenden oder gar falschen Informationen beruhen &#8211; unsere Priorit\u00e4t muss daher korrekte, unabh\u00e4ngige, leicht zug\u00e4ngliche themenorientierte Information f\u00fcr interessierte B\u00fcrger sein. )<\/p>\n\n\n\n<p><br>Naja, bald ist ja die erste Sitzung und wir werden mit unserer Stimme dazu beitragen das B\u00fcrgervotum umzusetzen. <br>Richtig spannend wird es ja eh erst, wenn es um Inhalte geht und nicht nur um relativ bedeutungslose P\u00f6stchen. . . <\/p>\n\n\n\n<p><\/p>\n","protected":false},"excerpt":{"rendered":"<p>Dies ist mein erster Beitrag nach dem &#8222;Wahlerfolg&#8220; der BgS. Ja, zugegeben einen Sitz von 28 im Gemeinderat zu bekommen ist keine Riesen- Sache. Aber immerhin: Wir hatten wenig Zeit, geringen Bekanntheitsgrad, wenig Budget, keine Plakate und kein Programm &#8211; nur ein Konzept: &#8222;Demokratie&#8220;. Jedenfalls was wir darunter verstehen &#8211; ernst machen mit B\u00fcrgerbeteiligung und &hellip; <a href=\"https:\/\/bernauers.de\/historisches\/2019\/07\/11\/postengeschacher\/\" class=\"more-link\"><span class=\"screen-reader-text\">Postengeschacher ?<\/span> weiterlesen <span class=\"meta-nav\">&rarr;<\/span><\/a><\/p>\n","protected":false},"author":1,"featured_media":0,"comment_status":"open","ping_status":"open","sticky":false,"template":"","format":"standard","meta":{"footnotes":""},"categories":[1],"tags":[],"class_list":["post-1088","post","type-post","status-publish","format-standard","hentry","category-allgemein"],"_links":{"self":[{"href":"https:\/\/bernauers.de\/historisches\/wp-json\/wp\/v2\/posts\/1088","targetHints":{"allow":["GET"]}}],"collection":[{"href":"https:\/\/bernauers.de\/historisches\/wp-json\/wp\/v2\/posts"}],"about":[{"href":"https:\/\/bernauers.de\/historisches\/wp-json\/wp\/v2\/types\/post"}],"author":[{"embeddable":true,"href":"https:\/\/bernauers.de\/historisches\/wp-json\/wp\/v2\/users\/1"}],"replies":[{"embeddable":true,"href":"https:\/\/bernauers.de\/historisches\/wp-json\/wp\/v2\/comments?post=1088"}],"version-history":[{"count":28,"href":"https:\/\/bernauers.de\/historisches\/wp-json\/wp\/v2\/posts\/1088\/revisions"}],"predecessor-version":[{"id":1134,"href":"https:\/\/bernauers.de\/historisches\/wp-json\/wp\/v2\/posts\/1088\/revisions\/1134"}],"wp:attachment":[{"href":"https:\/\/bernauers.de\/historisches\/wp-json\/wp\/v2\/media?parent=1088"}],"wp:term":[{"taxonomy":"category","embeddable":true,"href":"https:\/\/bernauers.de\/historisches\/wp-json\/wp\/v2\/categories?post=1088"},{"taxonomy":"post_tag","embeddable":true,"href":"https:\/\/bernauers.de\/historisches\/wp-json\/wp\/v2\/tags?post=1088"}],"curies":[{"name":"wp","href":"https:\/\/api.w.org\/{rel}","templated":true}]}}